{"id":4485,"date":"2020-08-28T17:27:50","date_gmt":"2020-08-28T15:27:50","guid":{"rendered":"https:\/\/gruppomontenegro.com\/the-infre-sostiene-rainforest-alliance\/"},"modified":"2022-12-19T18:05:30","modified_gmt":"2022-12-19T17:05:30","slug":"the-infre-supports-rainforest-alliance","status":"publish","type":"post","link":"https:\/\/gruppomontenegro.com\/en\/the-infre-supports-rainforest-alliance\/","title":{"rendered":"Th\u00e8 Infr\u00e8 supports Rainforest Alliance"},"content":{"rendered":"<p>Certified crops: Th\u00e9 Infr\u00e8 is at the forefront of sustainable development, environmentally-friendly values and biodiversity conservation, today more than ever. This is the reason behind the collaboration established with the association Rainforest Alliance, whose mission is to ensure production sustainability through the conscious use of natural resources, respecting people and the environment. Farmers and producers are provided with detailed guidelines and parameters to comply with in order to guarantee the highest possible degree of safety and quality.<\/p>\n<p>Tea leaves contained in all Th\u00e9 Infr\u00e9 Classico and flavoured Th\u00e9 Infr\u00e9 filters come from Rainforest Alliance certified farms.<\/p>\n<p>This means that we collaborate with Rainforest Alliance to support tea growers\u2019 rights and wellbeing, natural resources conservation and the protection of the fauna and the environment.<\/p>\n<p>Find out more:<\/p>\n<p><a href=\"https:\/\/www.rainforest-alliance.org\/about\" target=\"_blank\" rel=\"noopener\">https:\/\/www.rainforest-alliance.org\/about\u00a0<\/a><\/p>\n<p>&nbsp;<\/p>\n<div class=\"video-shortcode\"><iframe title=\"We Are the Rainforest Alliance\" width=\"1200\" height=\"675\" src=\"https:\/\/www.youtube.com\/embed\/Ea_mard7Fag?start=81&#038;feature=oembed\" frameborder=\"0\" allow=\"accelerometer; autoplay; clipboard-write; encrypted-media; gyroscope; picture-in-picture\" allowfullscreen><\/iframe><\/div>\n","protected":false},"excerpt":{"rendered":"<p>Certified crops: Th\u00e9 Infr\u00e8 is at the forefront of sustainable  &#8230;<\/p>\n","protected":false},"author":8,"featured_media":4223,"comment_status":"closed","ping_status":"closed","sticky":false,"template":"","format":"standard","meta":{"footnotes":""},"tags":[],"categoria-notizia":[90,106],"class_list":["post-4485","post","type-post","status-publish","format-standard","has-post-thumbnail","hentry","categoria-notizia-brands","categoria-notizia-planet"],"yoast_head":"<!-- This site is optimized with the Yoast SEO plugin v27.1.1 - https:\/\/yoast.com\/product\/yoast-seo-wordpress\/ -->\n<title>Th\u00e8 Infr\u00e8 supports Rainforest Alliance | Gruppo Montenegro<\/title>\n<meta name=\"description\" content=\"Certified crops: Th\u00e9 Infr\u00e8 is at the forefront of sustainable development, environmentally-friendly values and biodiversity conservation, today more than\" \/>\n<meta name=\"robots\" content=\"index, follow, max-snippet:-1, max-image-preview:large, max-video-preview:-1\" \/>\n<link rel=\"canonical\" href=\"https:\/\/gruppomontenegro.com\/en\/the-infre-supports-rainforest-alliance\/\" \/>\n<meta property=\"og:locale\" content=\"en_US\" \/>\n<meta property=\"og:type\" content=\"article\" \/>\n<meta property=\"og:title\" content=\"Th\u00e8 Infr\u00e8 supports Rainforest Alliance | Gruppo Montenegro\" \/>\n<meta property=\"og:description\" content=\"Certified crops: Th\u00e9 Infr\u00e8 is at the forefront of sustainable development, environmentally-friendly values and biodiversity conservation, today more than\" \/>\n<meta property=\"og:url\" content=\"https:\/\/gruppomontenegro.com\/en\/the-infre-supports-rainforest-alliance\/\" \/>\n<meta property=\"og:site_name\" content=\"Gruppo Montenegro\" \/>\n<meta property=\"article:published_time\" content=\"2020-08-28T15:27:50+00:00\" \/>\n<meta property=\"article:modified_time\" content=\"2022-12-19T17:05:30+00:00\" \/>\n<meta property=\"og:image\" content=\"https:\/\/gruppomontenegro.com\/wp-content\/uploads\/2022\/11\/Pianeta-News-Cover.jpg\" \/>\n\t<meta property=\"og:image:width\" content=\"1200\" \/>\n\t<meta property=\"og:image:height\" content=\"550\" \/>\n\t<meta property=\"og:image:type\" content=\"image\/jpeg\" \/>\n<meta name=\"author\" content=\"Nowhere\" \/>\n<meta name=\"twitter:card\" content=\"summary_large_image\" \/>\n<script type=\"application\/ld+json\" class=\"yoast-schema-graph\">{\"@context\":\"https:\/\/schema.org\",\"@graph\":[{\"@type\":[\"Article\",\"BlogPosting\"],\"@id\":\"https:\/\/gruppomontenegro.com\/en\/the-infre-supports-rainforest-alliance\/#article\",\"isPartOf\":{\"@id\":\"https:\/\/gruppomontenegro.com\/en\/the-infre-supports-rainforest-alliance\/\"},\"author\":{\"name\":\"Nowhere\",\"@id\":\"https:\/\/gruppomontenegro.com\/en\/#\/schema\/person\/6f55260c43e9cf31873bebd738eccaa4\"},\"headline\":\"Th\u00e8 Infr\u00e8 supports Rainforest Alliance\",\"datePublished\":\"2020-08-28T15:27:50+00:00\",\"dateModified\":\"2022-12-19T17:05:30+00:00\",\"mainEntityOfPage\":{\"@id\":\"https:\/\/gruppomontenegro.com\/en\/the-infre-supports-rainforest-alliance\/\"},\"wordCount\":151,\"publisher\":{\"@id\":\"https:\/\/gruppomontenegro.com\/en\/#organization\"},\"image\":{\"@id\":\"https:\/\/gruppomontenegro.com\/en\/the-infre-supports-rainforest-alliance\/#primaryimage\"},\"thumbnailUrl\":\"https:\/\/gruppomontenegro.com\/wp-content\/uploads\/2022\/11\/Pianeta-News-Cover.jpg\",\"inLanguage\":\"en-US\"},{\"@type\":\"WebPage\",\"@id\":\"https:\/\/gruppomontenegro.com\/en\/the-infre-supports-rainforest-alliance\/\",\"url\":\"https:\/\/gruppomontenegro.com\/en\/the-infre-supports-rainforest-alliance\/\",\"name\":\"Th\u00e8 Infr\u00e8 supports Rainforest Alliance | Gruppo Montenegro\",\"isPartOf\":{\"@id\":\"https:\/\/gruppomontenegro.com\/en\/#website\"},\"primaryImageOfPage\":{\"@id\":\"https:\/\/gruppomontenegro.com\/en\/the-infre-supports-rainforest-alliance\/#primaryimage\"},\"image\":{\"@id\":\"https:\/\/gruppomontenegro.com\/en\/the-infre-supports-rainforest-alliance\/#primaryimage\"},\"thumbnailUrl\":\"https:\/\/gruppomontenegro.com\/wp-content\/uploads\/2022\/11\/Pianeta-News-Cover.jpg\",\"datePublished\":\"2020-08-28T15:27:50+00:00\",\"dateModified\":\"2022-12-19T17:05:30+00:00\",\"description\":\"Certified crops: Th\u00e9 Infr\u00e8 is at the forefront of sustainable development, environmentally-friendly values and biodiversity conservation, today more than\",\"breadcrumb\":{\"@id\":\"https:\/\/gruppomontenegro.com\/en\/the-infre-supports-rainforest-alliance\/#breadcrumb\"},\"inLanguage\":\"en-US\",\"potentialAction\":[{\"@type\":\"ReadAction\",\"target\":[\"https:\/\/gruppomontenegro.com\/en\/the-infre-supports-rainforest-alliance\/\"]}]},{\"@type\":\"ImageObject\",\"inLanguage\":\"en-US\",\"@id\":\"https:\/\/gruppomontenegro.com\/en\/the-infre-supports-rainforest-alliance\/#primaryimage\",\"url\":\"https:\/\/gruppomontenegro.com\/wp-content\/uploads\/2022\/11\/Pianeta-News-Cover.jpg\",\"contentUrl\":\"https:\/\/gruppomontenegro.com\/wp-content\/uploads\/2022\/11\/Pianeta-News-Cover.jpg\",\"width\":1200,\"height\":550},{\"@type\":\"BreadcrumbList\",\"@id\":\"https:\/\/gruppomontenegro.com\/en\/the-infre-supports-rainforest-alliance\/#breadcrumb\",\"itemListElement\":[{\"@type\":\"ListItem\",\"position\":1,\"name\":\"Home\",\"item\":\"https:\/\/gruppomontenegro.com\/en\/\"},{\"@type\":\"ListItem\",\"position\":2,\"name\":\"Th\u00e8 Infr\u00e8 supports Rainforest Alliance\"}]},{\"@type\":\"WebSite\",\"@id\":\"https:\/\/gruppomontenegro.com\/en\/#website\",\"url\":\"https:\/\/gruppomontenegro.com\/en\/\",\"name\":\"Gruppo Montenegro\",\"description\":\"\",\"publisher\":{\"@id\":\"https:\/\/gruppomontenegro.com\/en\/#organization\"},\"potentialAction\":[{\"@type\":\"SearchAction\",\"target\":{\"@type\":\"EntryPoint\",\"urlTemplate\":\"https:\/\/gruppomontenegro.com\/en\/?s={search_term_string}\"},\"query-input\":{\"@type\":\"PropertyValueSpecification\",\"valueRequired\":true,\"valueName\":\"search_term_string\"}}],\"inLanguage\":\"en-US\"},{\"@type\":\"Organization\",\"@id\":\"https:\/\/gruppomontenegro.com\/en\/#organization\",\"name\":\"Gruppo Montenegro\",\"url\":\"https:\/\/gruppomontenegro.com\/en\/\",\"logo\":{\"@type\":\"ImageObject\",\"inLanguage\":\"en-US\",\"@id\":\"https:\/\/gruppomontenegro.com\/en\/#\/schema\/logo\/image\/\",\"url\":\"https:\/\/gruppomontenegro.com\/wp-content\/uploads\/2022\/12\/logo-montenegro.jpg\",\"contentUrl\":\"https:\/\/gruppomontenegro.com\/wp-content\/uploads\/2022\/12\/logo-montenegro.jpg\",\"width\":300,\"height\":200,\"caption\":\"Gruppo Montenegro\"},\"image\":{\"@id\":\"https:\/\/gruppomontenegro.com\/en\/#\/schema\/logo\/image\/\"}},{\"@type\":\"Person\",\"@id\":\"https:\/\/gruppomontenegro.com\/en\/#\/schema\/person\/6f55260c43e9cf31873bebd738eccaa4\",\"name\":\"Nowhere\"}]}<\/script>\n<!-- \/ Yoast SEO plugin. -->","yoast_head_json":{"title":"Th\u00e8 Infr\u00e8 supports Rainforest Alliance | Gruppo Montenegro","description":"Certified crops: Th\u00e9 Infr\u00e8 is at the forefront of sustainable development, environmentally-friendly values and biodiversity conservation, today more than","robots":{"index":"index","follow":"follow","max-snippet":"max-snippet:-1","max-image-preview":"max-image-preview:large","max-video-preview":"max-video-preview:-1"},"canonical":"https:\/\/gruppomontenegro.com\/en\/the-infre-supports-rainforest-alliance\/","og_locale":"en_US","og_type":"article","og_title":"Th\u00e8 Infr\u00e8 supports Rainforest Alliance | Gruppo Montenegro","og_description":"Certified crops: Th\u00e9 Infr\u00e8 is at the forefront of sustainable development, environmentally-friendly values and biodiversity conservation, today more than","og_url":"https:\/\/gruppomontenegro.com\/en\/the-infre-supports-rainforest-alliance\/","og_site_name":"Gruppo Montenegro","article_published_time":"2020-08-28T15:27:50+00:00","article_modified_time":"2022-12-19T17:05:30+00:00","og_image":[{"width":1200,"height":550,"url":"https:\/\/gruppomontenegro.com\/wp-content\/uploads\/2022\/11\/Pianeta-News-Cover.jpg","type":"image\/jpeg"}],"author":"Nowhere","twitter_card":"summary_large_image","schema":{"@context":"https:\/\/schema.org","@graph":[{"@type":["Article","BlogPosting"],"@id":"https:\/\/gruppomontenegro.com\/en\/the-infre-supports-rainforest-alliance\/#article","isPartOf":{"@id":"https:\/\/gruppomontenegro.com\/en\/the-infre-supports-rainforest-alliance\/"},"author":{"name":"Nowhere","@id":"https:\/\/gruppomontenegro.com\/en\/#\/schema\/person\/6f55260c43e9cf31873bebd738eccaa4"},"headline":"Th\u00e8 Infr\u00e8 supports Rainforest Alliance","datePublished":"2020-08-28T15:27:50+00:00","dateModified":"2022-12-19T17:05:30+00:00","mainEntityOfPage":{"@id":"https:\/\/gruppomontenegro.com\/en\/the-infre-supports-rainforest-alliance\/"},"wordCount":151,"publisher":{"@id":"https:\/\/gruppomontenegro.com\/en\/#organization"},"image":{"@id":"https:\/\/gruppomontenegro.com\/en\/the-infre-supports-rainforest-alliance\/#primaryimage"},"thumbnailUrl":"https:\/\/gruppomontenegro.com\/wp-content\/uploads\/2022\/11\/Pianeta-News-Cover.jpg","inLanguage":"en-US"},{"@type":"WebPage","@id":"https:\/\/gruppomontenegro.com\/en\/the-infre-supports-rainforest-alliance\/","url":"https:\/\/gruppomontenegro.com\/en\/the-infre-supports-rainforest-alliance\/","name":"Th\u00e8 Infr\u00e8 supports Rainforest Alliance | Gruppo Montenegro","isPartOf":{"@id":"https:\/\/gruppomontenegro.com\/en\/#website"},"primaryImageOfPage":{"@id":"https:\/\/gruppomontenegro.com\/en\/the-infre-supports-rainforest-alliance\/#primaryimage"},"image":{"@id":"https:\/\/gruppomontenegro.com\/en\/the-infre-supports-rainforest-alliance\/#primaryimage"},"thumbnailUrl":"https:\/\/gruppomontenegro.com\/wp-content\/uploads\/2022\/11\/Pianeta-News-Cover.jpg","datePublished":"2020-08-28T15:27:50+00:00","dateModified":"2022-12-19T17:05:30+00:00","description":"Certified crops: Th\u00e9 Infr\u00e8 is at the forefront of sustainable development, environmentally-friendly values and biodiversity conservation, today more than","breadcrumb":{"@id":"https:\/\/gruppomontenegro.com\/en\/the-infre-supports-rainforest-alliance\/#breadcrumb"},"inLanguage":"en-US","potentialAction":[{"@type":"ReadAction","target":["https:\/\/gruppomontenegro.com\/en\/the-infre-supports-rainforest-alliance\/"]}]},{"@type":"ImageObject","inLanguage":"en-US","@id":"https:\/\/gruppomontenegro.com\/en\/the-infre-supports-rainforest-alliance\/#primaryimage","url":"https:\/\/gruppomontenegro.com\/wp-content\/uploads\/2022\/11\/Pianeta-News-Cover.jpg","contentUrl":"https:\/\/gruppomontenegro.com\/wp-content\/uploads\/2022\/11\/Pianeta-News-Cover.jpg","width":1200,"height":550},{"@type":"BreadcrumbList","@id":"https:\/\/gruppomontenegro.com\/en\/the-infre-supports-rainforest-alliance\/#breadcrumb","itemListElement":[{"@type":"ListItem","position":1,"name":"Home","item":"https:\/\/gruppomontenegro.com\/en\/"},{"@type":"ListItem","position":2,"name":"Th\u00e8 Infr\u00e8 supports Rainforest Alliance"}]},{"@type":"WebSite","@id":"https:\/\/gruppomontenegro.com\/en\/#website","url":"https:\/\/gruppomontenegro.com\/en\/","name":"Gruppo Montenegro","description":"","publisher":{"@id":"https:\/\/gruppomontenegro.com\/en\/#organization"},"potentialAction":[{"@type":"SearchAction","target":{"@type":"EntryPoint","urlTemplate":"https:\/\/gruppomontenegro.com\/en\/?s={search_term_string}"},"query-input":{"@type":"PropertyValueSpecification","valueRequired":true,"valueName":"search_term_string"}}],"inLanguage":"en-US"},{"@type":"Organization","@id":"https:\/\/gruppomontenegro.com\/en\/#organization","name":"Gruppo Montenegro","url":"https:\/\/gruppomontenegro.com\/en\/","logo":{"@type":"ImageObject","inLanguage":"en-US","@id":"https:\/\/gruppomontenegro.com\/en\/#\/schema\/logo\/image\/","url":"https:\/\/gruppomontenegro.com\/wp-content\/uploads\/2022\/12\/logo-montenegro.jpg","contentUrl":"https:\/\/gruppomontenegro.com\/wp-content\/uploads\/2022\/12\/logo-montenegro.jpg","width":300,"height":200,"caption":"Gruppo Montenegro"},"image":{"@id":"https:\/\/gruppomontenegro.com\/en\/#\/schema\/logo\/image\/"}},{"@type":"Person","@id":"https:\/\/gruppomontenegro.com\/en\/#\/schema\/person\/6f55260c43e9cf31873bebd738eccaa4","name":"Nowhere"}]}},"_links":{"self":[{"href":"https:\/\/gruppomontenegro.com\/en\/wp-json\/wp\/v2\/posts\/4485","targetHints":{"allow":["GET"]}}],"collection":[{"href":"https:\/\/gruppomontenegro.com\/en\/wp-json\/wp\/v2\/posts"}],"about":[{"href":"https:\/\/gruppomontenegro.com\/en\/wp-json\/wp\/v2\/types\/post"}],"author":[{"embeddable":true,"href":"https:\/\/gruppomontenegro.com\/en\/wp-json\/wp\/v2\/users\/8"}],"replies":[{"embeddable":true,"href":"https:\/\/gruppomontenegro.com\/en\/wp-json\/wp\/v2\/comments?post=4485"}],"version-history":[{"count":0,"href":"https:\/\/gruppomontenegro.com\/en\/wp-json\/wp\/v2\/posts\/4485\/revisions"}],"wp:featuredmedia":[{"embeddable":true,"href":"https:\/\/gruppomontenegro.com\/en\/wp-json\/wp\/v2\/media\/4223"}],"wp:attachment":[{"href":"https:\/\/gruppomontenegro.com\/en\/wp-json\/wp\/v2\/media?parent=4485"}],"wp:term":[{"taxonomy":"post_tag","embeddable":true,"href":"https:\/\/gruppomontenegro.com\/en\/wp-json\/wp\/v2\/tags?post=4485"},{"taxonomy":"categoria-notizia","embeddable":true,"href":"https:\/\/gruppomontenegro.com\/en\/wp-json\/wp\/v2\/categoria-notizia?post=4485"}],"curies":[{"name":"wp","href":"https:\/\/api.w.org\/{rel}","templated":true}]}}