{"id":7919,"date":"2024-07-16T16:17:42","date_gmt":"2024-07-16T14:17:42","guid":{"rendered":"https:\/\/gruppomontenegro.com\/san-lazzaro-citta-ad-impatto-positivo-positive-impact-city\/"},"modified":"2024-07-16T16:22:28","modified_gmt":"2024-07-16T14:22:28","slug":"san-lazzaro-citta-ad-impatto-positivo-stadt-mit-positiver-auswirkung","status":"publish","type":"post","link":"https:\/\/gruppomontenegro.com\/de\/san-lazzaro-citta-ad-impatto-positivo-stadt-mit-positiver-auswirkung\/","title":{"rendered":"San Lazzaro \u201eCitt\u00e0 ad Impatto Positivo\u201d: Stadt mit positiver Auswirkung"},"content":{"rendered":"<div class=\"fusion-fullwidth fullwidth-box fusion-builder-row-1 fusion-flex-container has-pattern-background has-mask-background nonhundred-percent-fullwidth non-hundred-percent-height-scrolling\" style=\"--awb-border-radius-top-left:0px;--awb-border-radius-top-right:0px;--awb-border-radius-bottom-right:0px;--awb-border-radius-bottom-left:0px;--awb-flex-wrap:wrap;\" ><div class=\"fusion-builder-row fusion-row fusion-flex-align-items-flex-start fusion-flex-content-wrap\" style=\"max-width:1248px;margin-left: calc(-4% \/ 2 );margin-right: calc(-4% \/ 2 );\"><div class=\"fusion-layout-column fusion_builder_column fusion-builder-column-0 fusion_builder_column_1_1 1_1 fusion-flex-column\" style=\"--awb-bg-size:cover;--awb-width-large:100%;--awb-margin-top-large:0px;--awb-spacing-right-large:1.92%;--awb-margin-bottom-large:20px;--awb-spacing-left-large:1.92%;--awb-width-medium:100%;--awb-order-medium:0;--awb-spacing-right-medium:1.92%;--awb-spacing-left-medium:1.92%;--awb-width-small:100%;--awb-order-small:0;--awb-spacing-right-small:1.92%;--awb-spacing-left-small:1.92%;\"><div class=\"fusion-column-wrapper fusion-column-has-shadow fusion-flex-justify-content-flex-start fusion-content-layout-column\"><div class=\"fusion-text fusion-text-1\"><p>Gruppo Montenegro steht seit jeher den lokalen Institutionen und Gemeinden zur Seite, in denen die eigenen Betriebsst\u00e4tten liegen und die Mitarbeiter t\u00e4tig sind, denn unsere Art der Unternehmensvision und -f\u00fchrung liegt darin, den Mehrwert mit unseren wichtigsten Stakeholdern zu teilen.<\/p>\n<p>Eine Gemeinschaft lebt von Beziehungen und f\u00fcr uns ist es wesentlich, die Bed\u00fcrfnisse in unserem Territorium zu ber\u00fccksichtigen: deshalb haben wir uns zur Teilnahme am <em><strong>Projekt San Lazzaro Stadt mit positiver Auswirkung<\/strong> <\/em>entschieden, das die Menschen in den Mittelpunkt r\u00fcckt und Themen wie Erziehung und Inklusion bearbeitet, die f\u00fcr uns grundlegend sind.<\/p>\n<p>Die Unterst\u00fctzung dieses Projektes erm\u00f6glicht es uns, einen konkreten und positiven Beitrag zur Entwicklung des Territoriums und unserer Gemeinschaften in folgenden Bereichen zu leisten:<\/p>\n<ul>\n<li>Soziales &#8211; Die Gemeinde San Lazzaro di Savena erhielt ein Fahrzeug speziell zur Bef\u00f6rderung von Personen mit eingeschr\u00e4nkter Mobilit\u00e4t.<\/li>\n<li>Kultur- Die Sch\u00fcler des Berufsbildungszentrums CNOS-FAP der Salesianer von San Lazzaro di Savena nahmen an einer Fortbildung zu den Themen Inklusion und soziale Verantwortung teil, zu der ein Wettbewerb geh\u00f6rt: die Projektentwicklung zur Verbesserung der eigenen Stadt.<\/li>\n<li>Umwelt &#8211; Durch die Pflanzung von B\u00e4umen entstehen Stadtw\u00e4lder.<\/li>\n<\/ul>\n<p>Mehr erfahren auf: <a href=\"https:\/\/www.cittaadimpattopositivo.it\/progetti\/san-lazzaro-di-savena\/\" target=\"_blank\" rel=\"noopener\">San Lazzaro di Savena Citt\u00e0 ad Impatto Positivo 2024<\/a><\/p>\n<p>Sehen Sie die Videobotschaft der Gruppo Montenengro:<\/p>\n<\/div><div class=\"fusion-video fusion-vimeo\" style=\"--awb-max-width:600px;--awb-max-height:360px;--awb-align-self:center;--awb-width:100%;\"><div class=\"video-shortcode\"><lite-vimeo videoid=\"984336080\" class=\"landscape\" params=\"autoplay=1autoplay=0&amp;autopause=0\" title=\"Vimeo video player 1\" data-button-label=\"Play Video\"  width=\"600\" height=\"360\"><\/lite-vimeo><\/div><\/div><\/div><\/div><\/div><\/div>\n","protected":false},"excerpt":{"rendered":"<p>Gruppo Montenegro steht seit jeher den lokalen Institutionen und Gemeinden zur Seite, in denen die eigenen Betriebsst\u00e4tten liegen und die Mitarbeiter t\u00e4tig sind, denn unsere Art der Unternehmensvision und -f\u00fchrung liegt darin, den Mehrwert mit unseren wichtigsten Stakeholdern zu teilen.<\/p>\n","protected":false},"author":12,"featured_media":7518,"comment_status":"closed","ping_status":"closed","sticky":false,"template":"","format":"standard","meta":{"footnotes":""},"tags":[],"categoria-notizia":[89,101,104],"class_list":["post-7919","post","type-post","status-publish","format-standard","has-post-thumbnail","hentry","categoria-notizia-die-gruppe","categoria-notizia-gebiet","categoria-notizia-people-de"],"yoast_head":"<!-- This site is optimized with the Yoast SEO plugin v27.1.1 - https:\/\/yoast.com\/product\/yoast-seo-wordpress\/ -->\n<title>San Lazzaro \u201eCitt\u00e0 ad Impatto Positivo\u201d: Stadt mit positiver Auswirkung | Gruppo Montenegro<\/title>\n<meta name=\"description\" content=\"Gruppo Montenegro steht seit jeher den lokalen Institutionen und Gemeinden zur Seite, in denen die eigenen Betriebsst\u00e4tten liegen und die Mitarbeiter t\u00e4tig sind, denn unsere Art der Unternehmensvision und -f\u00fchrung liegt darin, den Mehrwert mit unseren wichtigsten Stakeholdern zu teilen.\" \/>\n<meta name=\"robots\" content=\"index, follow, max-snippet:-1, max-image-preview:large, max-video-preview:-1\" \/>\n<link rel=\"canonical\" href=\"https:\/\/gruppomontenegro.com\/de\/san-lazzaro-citta-ad-impatto-positivo-stadt-mit-positiver-auswirkung\/\" \/>\n<meta property=\"og:locale\" content=\"de_DE\" \/>\n<meta property=\"og:type\" content=\"article\" \/>\n<meta property=\"og:title\" content=\"San Lazzaro \u201eCitt\u00e0 ad Impatto Positivo\u201d: Stadt mit positiver Auswirkung | Gruppo Montenegro\" \/>\n<meta property=\"og:description\" content=\"Gruppo Montenegro steht seit jeher den lokalen Institutionen und Gemeinden zur Seite, in denen die eigenen Betriebsst\u00e4tten liegen und die Mitarbeiter t\u00e4tig sind, denn unsere Art der Unternehmensvision und -f\u00fchrung liegt darin, den Mehrwert mit unseren wichtigsten Stakeholdern zu teilen.\" \/>\n<meta property=\"og:url\" content=\"https:\/\/gruppomontenegro.com\/de\/san-lazzaro-citta-ad-impatto-positivo-stadt-mit-positiver-auswirkung\/\" \/>\n<meta property=\"og:site_name\" content=\"Gruppo Montenegro\" \/>\n<meta property=\"article:published_time\" content=\"2024-07-16T14:17:42+00:00\" \/>\n<meta property=\"article:modified_time\" content=\"2024-07-16T14:22:28+00:00\" \/>\n<meta property=\"og:image\" content=\"https:\/\/gruppomontenegro.com\/wp-content\/uploads\/2023\/03\/favico_270X270.png\" \/>\n\t<meta property=\"og:image:width\" content=\"270\" \/>\n\t<meta property=\"og:image:height\" content=\"270\" \/>\n\t<meta property=\"og:image:type\" content=\"image\/png\" \/>\n<meta name=\"author\" content=\"Anna Busi\" \/>\n<meta name=\"twitter:card\" content=\"summary_large_image\" \/>\n<meta name=\"twitter:title\" content=\"Prova titolo Twitter\" \/>\n<meta name=\"twitter:description\" content=\"Prova desc Twitter\" \/>\n<meta name=\"twitter:image\" content=\"https:\/\/gruppomontenegro.com\/wp-content\/uploads\/2023\/03\/favico_270X270.png\" \/>\n<script type=\"application\/ld+json\" class=\"yoast-schema-graph\">{\"@context\":\"https:\/\/schema.org\",\"@graph\":[{\"@type\":[\"Article\",\"BlogPosting\"],\"@id\":\"https:\/\/gruppomontenegro.com\/de\/san-lazzaro-citta-ad-impatto-positivo-stadt-mit-positiver-auswirkung\/#article\",\"isPartOf\":{\"@id\":\"https:\/\/gruppomontenegro.com\/de\/san-lazzaro-citta-ad-impatto-positivo-stadt-mit-positiver-auswirkung\/\"},\"author\":{\"name\":\"Anna Busi\",\"@id\":\"https:\/\/gruppomontenegro.com\/de\/#\/schema\/person\/990a1ad5de81dc15a6331fc0a33fd331\"},\"headline\":\"San Lazzaro \u201eCitt\u00e0 ad Impatto Positivo\u201d: Stadt mit positiver Auswirkung\",\"datePublished\":\"2024-07-16T14:17:42+00:00\",\"dateModified\":\"2024-07-16T14:22:28+00:00\",\"mainEntityOfPage\":{\"@id\":\"https:\/\/gruppomontenegro.com\/de\/san-lazzaro-citta-ad-impatto-positivo-stadt-mit-positiver-auswirkung\/\"},\"wordCount\":1071,\"publisher\":{\"@id\":\"https:\/\/gruppomontenegro.com\/de\/#organization\"},\"image\":{\"@id\":\"https:\/\/gruppomontenegro.com\/de\/san-lazzaro-citta-ad-impatto-positivo-stadt-mit-positiver-auswirkung\/#primaryimage\"},\"thumbnailUrl\":\"https:\/\/gruppomontenegro.com\/wp-content\/uploads\/2023\/09\/CittaImpattoPositivo_cover.png\",\"inLanguage\":\"de-DE\"},{\"@type\":\"WebPage\",\"@id\":\"https:\/\/gruppomontenegro.com\/de\/san-lazzaro-citta-ad-impatto-positivo-stadt-mit-positiver-auswirkung\/\",\"url\":\"https:\/\/gruppomontenegro.com\/de\/san-lazzaro-citta-ad-impatto-positivo-stadt-mit-positiver-auswirkung\/\",\"name\":\"San Lazzaro \u201eCitt\u00e0 ad Impatto Positivo\u201d: Stadt mit positiver Auswirkung | Gruppo Montenegro\",\"isPartOf\":{\"@id\":\"https:\/\/gruppomontenegro.com\/de\/#website\"},\"primaryImageOfPage\":{\"@id\":\"https:\/\/gruppomontenegro.com\/de\/san-lazzaro-citta-ad-impatto-positivo-stadt-mit-positiver-auswirkung\/#primaryimage\"},\"image\":{\"@id\":\"https:\/\/gruppomontenegro.com\/de\/san-lazzaro-citta-ad-impatto-positivo-stadt-mit-positiver-auswirkung\/#primaryimage\"},\"thumbnailUrl\":\"https:\/\/gruppomontenegro.com\/wp-content\/uploads\/2023\/09\/CittaImpattoPositivo_cover.png\",\"datePublished\":\"2024-07-16T14:17:42+00:00\",\"dateModified\":\"2024-07-16T14:22:28+00:00\",\"description\":\"Gruppo Montenegro steht seit jeher den lokalen Institutionen und Gemeinden zur Seite, in denen die eigenen Betriebsst\u00e4tten liegen und die Mitarbeiter t\u00e4tig sind, denn unsere Art der Unternehmensvision und -f\u00fchrung liegt darin, den Mehrwert mit unseren wichtigsten Stakeholdern zu teilen.\",\"breadcrumb\":{\"@id\":\"https:\/\/gruppomontenegro.com\/de\/san-lazzaro-citta-ad-impatto-positivo-stadt-mit-positiver-auswirkung\/#breadcrumb\"},\"inLanguage\":\"de-DE\",\"potentialAction\":[{\"@type\":\"ReadAction\",\"target\":[\"https:\/\/gruppomontenegro.com\/de\/san-lazzaro-citta-ad-impatto-positivo-stadt-mit-positiver-auswirkung\/\"]}]},{\"@type\":\"ImageObject\",\"inLanguage\":\"de-DE\",\"@id\":\"https:\/\/gruppomontenegro.com\/de\/san-lazzaro-citta-ad-impatto-positivo-stadt-mit-positiver-auswirkung\/#primaryimage\",\"url\":\"https:\/\/gruppomontenegro.com\/wp-content\/uploads\/2023\/09\/CittaImpattoPositivo_cover.png\",\"contentUrl\":\"https:\/\/gruppomontenegro.com\/wp-content\/uploads\/2023\/09\/CittaImpattoPositivo_cover.png\",\"width\":1200,\"height\":550},{\"@type\":\"BreadcrumbList\",\"@id\":\"https:\/\/gruppomontenegro.com\/de\/san-lazzaro-citta-ad-impatto-positivo-stadt-mit-positiver-auswirkung\/#breadcrumb\",\"itemListElement\":[{\"@type\":\"ListItem\",\"position\":1,\"name\":\"Home\",\"item\":\"https:\/\/gruppomontenegro.com\/de\/\"},{\"@type\":\"ListItem\",\"position\":2,\"name\":\"San Lazzaro \u201eCitt\u00e0 ad Impatto Positivo\u201d: Stadt mit positiver Auswirkung\"}]},{\"@type\":\"WebSite\",\"@id\":\"https:\/\/gruppomontenegro.com\/de\/#website\",\"url\":\"https:\/\/gruppomontenegro.com\/de\/\",\"name\":\"Gruppo Montenegro\",\"description\":\"\",\"publisher\":{\"@id\":\"https:\/\/gruppomontenegro.com\/de\/#organization\"},\"potentialAction\":[{\"@type\":\"SearchAction\",\"target\":{\"@type\":\"EntryPoint\",\"urlTemplate\":\"https:\/\/gruppomontenegro.com\/de\/?s={search_term_string}\"},\"query-input\":{\"@type\":\"PropertyValueSpecification\",\"valueRequired\":true,\"valueName\":\"search_term_string\"}}],\"inLanguage\":\"de-DE\"},{\"@type\":\"Organization\",\"@id\":\"https:\/\/gruppomontenegro.com\/de\/#organization\",\"name\":\"Gruppo Montenegro\",\"url\":\"https:\/\/gruppomontenegro.com\/de\/\",\"logo\":{\"@type\":\"ImageObject\",\"inLanguage\":\"de-DE\",\"@id\":\"https:\/\/gruppomontenegro.com\/de\/#\/schema\/logo\/image\/\",\"url\":\"https:\/\/gruppomontenegro.com\/wp-content\/uploads\/2022\/12\/logo-montenegro.jpg\",\"contentUrl\":\"https:\/\/gruppomontenegro.com\/wp-content\/uploads\/2022\/12\/logo-montenegro.jpg\",\"width\":300,\"height\":200,\"caption\":\"Gruppo Montenegro\"},\"image\":{\"@id\":\"https:\/\/gruppomontenegro.com\/de\/#\/schema\/logo\/image\/\"}},{\"@type\":\"Person\",\"@id\":\"https:\/\/gruppomontenegro.com\/de\/#\/schema\/person\/990a1ad5de81dc15a6331fc0a33fd331\",\"name\":\"Anna Busi\"}]}<\/script>\n<!-- \/ Yoast SEO plugin. -->","yoast_head_json":{"title":"San Lazzaro \u201eCitt\u00e0 ad Impatto Positivo\u201d: Stadt mit positiver Auswirkung | Gruppo Montenegro","description":"Gruppo Montenegro steht seit jeher den lokalen Institutionen und Gemeinden zur Seite, in denen die eigenen Betriebsst\u00e4tten liegen und die Mitarbeiter t\u00e4tig sind, denn unsere Art der Unternehmensvision und -f\u00fchrung liegt darin, den Mehrwert mit unseren wichtigsten Stakeholdern zu teilen.","robots":{"index":"index","follow":"follow","max-snippet":"max-snippet:-1","max-image-preview":"max-image-preview:large","max-video-preview":"max-video-preview:-1"},"canonical":"https:\/\/gruppomontenegro.com\/de\/san-lazzaro-citta-ad-impatto-positivo-stadt-mit-positiver-auswirkung\/","og_locale":"de_DE","og_type":"article","og_title":"San Lazzaro \u201eCitt\u00e0 ad Impatto Positivo\u201d: Stadt mit positiver Auswirkung | Gruppo Montenegro","og_description":"Gruppo Montenegro steht seit jeher den lokalen Institutionen und Gemeinden zur Seite, in denen die eigenen Betriebsst\u00e4tten liegen und die Mitarbeiter t\u00e4tig sind, denn unsere Art der Unternehmensvision und -f\u00fchrung liegt darin, den Mehrwert mit unseren wichtigsten Stakeholdern zu teilen.","og_url":"https:\/\/gruppomontenegro.com\/de\/san-lazzaro-citta-ad-impatto-positivo-stadt-mit-positiver-auswirkung\/","og_site_name":"Gruppo Montenegro","article_published_time":"2024-07-16T14:17:42+00:00","article_modified_time":"2024-07-16T14:22:28+00:00","og_image":[{"width":270,"height":270,"url":"https:\/\/gruppomontenegro.com\/wp-content\/uploads\/2023\/03\/favico_270X270.png","type":"image\/png"}],"author":"Anna Busi","twitter_card":"summary_large_image","twitter_title":"Prova titolo Twitter","twitter_description":"Prova desc Twitter","twitter_image":"https:\/\/gruppomontenegro.com\/wp-content\/uploads\/2023\/03\/favico_270X270.png","schema":{"@context":"https:\/\/schema.org","@graph":[{"@type":["Article","BlogPosting"],"@id":"https:\/\/gruppomontenegro.com\/de\/san-lazzaro-citta-ad-impatto-positivo-stadt-mit-positiver-auswirkung\/#article","isPartOf":{"@id":"https:\/\/gruppomontenegro.com\/de\/san-lazzaro-citta-ad-impatto-positivo-stadt-mit-positiver-auswirkung\/"},"author":{"name":"Anna Busi","@id":"https:\/\/gruppomontenegro.com\/de\/#\/schema\/person\/990a1ad5de81dc15a6331fc0a33fd331"},"headline":"San Lazzaro \u201eCitt\u00e0 ad Impatto Positivo\u201d: Stadt mit positiver Auswirkung","datePublished":"2024-07-16T14:17:42+00:00","dateModified":"2024-07-16T14:22:28+00:00","mainEntityOfPage":{"@id":"https:\/\/gruppomontenegro.com\/de\/san-lazzaro-citta-ad-impatto-positivo-stadt-mit-positiver-auswirkung\/"},"wordCount":1071,"publisher":{"@id":"https:\/\/gruppomontenegro.com\/de\/#organization"},"image":{"@id":"https:\/\/gruppomontenegro.com\/de\/san-lazzaro-citta-ad-impatto-positivo-stadt-mit-positiver-auswirkung\/#primaryimage"},"thumbnailUrl":"https:\/\/gruppomontenegro.com\/wp-content\/uploads\/2023\/09\/CittaImpattoPositivo_cover.png","inLanguage":"de-DE"},{"@type":"WebPage","@id":"https:\/\/gruppomontenegro.com\/de\/san-lazzaro-citta-ad-impatto-positivo-stadt-mit-positiver-auswirkung\/","url":"https:\/\/gruppomontenegro.com\/de\/san-lazzaro-citta-ad-impatto-positivo-stadt-mit-positiver-auswirkung\/","name":"San Lazzaro \u201eCitt\u00e0 ad Impatto Positivo\u201d: Stadt mit positiver Auswirkung | Gruppo Montenegro","isPartOf":{"@id":"https:\/\/gruppomontenegro.com\/de\/#website"},"primaryImageOfPage":{"@id":"https:\/\/gruppomontenegro.com\/de\/san-lazzaro-citta-ad-impatto-positivo-stadt-mit-positiver-auswirkung\/#primaryimage"},"image":{"@id":"https:\/\/gruppomontenegro.com\/de\/san-lazzaro-citta-ad-impatto-positivo-stadt-mit-positiver-auswirkung\/#primaryimage"},"thumbnailUrl":"https:\/\/gruppomontenegro.com\/wp-content\/uploads\/2023\/09\/CittaImpattoPositivo_cover.png","datePublished":"2024-07-16T14:17:42+00:00","dateModified":"2024-07-16T14:22:28+00:00","description":"Gruppo Montenegro steht seit jeher den lokalen Institutionen und Gemeinden zur Seite, in denen die eigenen Betriebsst\u00e4tten liegen und die Mitarbeiter t\u00e4tig sind, denn unsere Art der Unternehmensvision und -f\u00fchrung liegt darin, den Mehrwert mit unseren wichtigsten Stakeholdern zu teilen.","breadcrumb":{"@id":"https:\/\/gruppomontenegro.com\/de\/san-lazzaro-citta-ad-impatto-positivo-stadt-mit-positiver-auswirkung\/#breadcrumb"},"inLanguage":"de-DE","potentialAction":[{"@type":"ReadAction","target":["https:\/\/gruppomontenegro.com\/de\/san-lazzaro-citta-ad-impatto-positivo-stadt-mit-positiver-auswirkung\/"]}]},{"@type":"ImageObject","inLanguage":"de-DE","@id":"https:\/\/gruppomontenegro.com\/de\/san-lazzaro-citta-ad-impatto-positivo-stadt-mit-positiver-auswirkung\/#primaryimage","url":"https:\/\/gruppomontenegro.com\/wp-content\/uploads\/2023\/09\/CittaImpattoPositivo_cover.png","contentUrl":"https:\/\/gruppomontenegro.com\/wp-content\/uploads\/2023\/09\/CittaImpattoPositivo_cover.png","width":1200,"height":550},{"@type":"BreadcrumbList","@id":"https:\/\/gruppomontenegro.com\/de\/san-lazzaro-citta-ad-impatto-positivo-stadt-mit-positiver-auswirkung\/#breadcrumb","itemListElement":[{"@type":"ListItem","position":1,"name":"Home","item":"https:\/\/gruppomontenegro.com\/de\/"},{"@type":"ListItem","position":2,"name":"San Lazzaro \u201eCitt\u00e0 ad Impatto Positivo\u201d: Stadt mit positiver Auswirkung"}]},{"@type":"WebSite","@id":"https:\/\/gruppomontenegro.com\/de\/#website","url":"https:\/\/gruppomontenegro.com\/de\/","name":"Gruppo Montenegro","description":"","publisher":{"@id":"https:\/\/gruppomontenegro.com\/de\/#organization"},"potentialAction":[{"@type":"SearchAction","target":{"@type":"EntryPoint","urlTemplate":"https:\/\/gruppomontenegro.com\/de\/?s={search_term_string}"},"query-input":{"@type":"PropertyValueSpecification","valueRequired":true,"valueName":"search_term_string"}}],"inLanguage":"de-DE"},{"@type":"Organization","@id":"https:\/\/gruppomontenegro.com\/de\/#organization","name":"Gruppo Montenegro","url":"https:\/\/gruppomontenegro.com\/de\/","logo":{"@type":"ImageObject","inLanguage":"de-DE","@id":"https:\/\/gruppomontenegro.com\/de\/#\/schema\/logo\/image\/","url":"https:\/\/gruppomontenegro.com\/wp-content\/uploads\/2022\/12\/logo-montenegro.jpg","contentUrl":"https:\/\/gruppomontenegro.com\/wp-content\/uploads\/2022\/12\/logo-montenegro.jpg","width":300,"height":200,"caption":"Gruppo Montenegro"},"image":{"@id":"https:\/\/gruppomontenegro.com\/de\/#\/schema\/logo\/image\/"}},{"@type":"Person","@id":"https:\/\/gruppomontenegro.com\/de\/#\/schema\/person\/990a1ad5de81dc15a6331fc0a33fd331","name":"Anna Busi"}]}},"_links":{"self":[{"href":"https:\/\/gruppomontenegro.com\/de\/wp-json\/wp\/v2\/posts\/7919","targetHints":{"allow":["GET"]}}],"collection":[{"href":"https:\/\/gruppomontenegro.com\/de\/wp-json\/wp\/v2\/posts"}],"about":[{"href":"https:\/\/gruppomontenegro.com\/de\/wp-json\/wp\/v2\/types\/post"}],"author":[{"embeddable":true,"href":"https:\/\/gruppomontenegro.com\/de\/wp-json\/wp\/v2\/users\/12"}],"replies":[{"embeddable":true,"href":"https:\/\/gruppomontenegro.com\/de\/wp-json\/wp\/v2\/comments?post=7919"}],"version-history":[{"count":1,"href":"https:\/\/gruppomontenegro.com\/de\/wp-json\/wp\/v2\/posts\/7919\/revisions"}],"predecessor-version":[{"id":7920,"href":"https:\/\/gruppomontenegro.com\/de\/wp-json\/wp\/v2\/posts\/7919\/revisions\/7920"}],"wp:featuredmedia":[{"embeddable":true,"href":"https:\/\/gruppomontenegro.com\/de\/wp-json\/wp\/v2\/media\/7518"}],"wp:attachment":[{"href":"https:\/\/gruppomontenegro.com\/de\/wp-json\/wp\/v2\/media?parent=7919"}],"wp:term":[{"taxonomy":"post_tag","embeddable":true,"href":"https:\/\/gruppomontenegro.com\/de\/wp-json\/wp\/v2\/tags?post=7919"},{"taxonomy":"categoria-notizia","embeddable":true,"href":"https:\/\/gruppomontenegro.com\/de\/wp-json\/wp\/v2\/categoria-notizia?post=7919"}],"curies":[{"name":"wp","href":"https:\/\/api.w.org\/{rel}","templated":true}]}}