{"id":7621,"date":"2023-10-26T11:30:01","date_gmt":"2023-10-26T09:30:01","guid":{"rendered":"https:\/\/gruppomontenegro.com\/gruppo-montenegro-ottiene-la-certificazione-per-la-parita-di-genere\/"},"modified":"2023-10-26T11:38:13","modified_gmt":"2023-10-26T09:38:13","slug":"gruppo-montenegro-erhaelt-die-zertifizierung-fuer-die-gleichstellung-der-geschlechter","status":"publish","type":"post","link":"https:\/\/gruppomontenegro.com\/de\/gruppo-montenegro-erhaelt-die-zertifizierung-fuer-die-gleichstellung-der-geschlechter\/","title":{"rendered":"Gruppo Montenegro erh\u00e4lt die Zertifizierung f\u00fcr die Gleichstellung der Geschlechter"},"content":{"rendered":"<div class=\"fusion-fullwidth fullwidth-box fusion-builder-row-1 fusion-flex-container has-pattern-background has-mask-background nonhundred-percent-fullwidth non-hundred-percent-height-scrolling\" style=\"--awb-border-radius-top-left:0px;--awb-border-radius-top-right:0px;--awb-border-radius-bottom-right:0px;--awb-border-radius-bottom-left:0px;--awb-flex-wrap:wrap;\" ><div class=\"fusion-builder-row fusion-row fusion-flex-align-items-flex-start fusion-flex-content-wrap\" style=\"max-width:1248px;margin-left: calc(-4% \/ 2 );margin-right: calc(-4% \/ 2 );\"><div class=\"fusion-layout-column fusion_builder_column fusion-builder-column-0 fusion_builder_column_1_1 1_1 fusion-flex-column\" style=\"--awb-bg-size:cover;--awb-width-large:100%;--awb-margin-top-large:0px;--awb-spacing-right-large:1.92%;--awb-margin-bottom-large:20px;--awb-spacing-left-large:1.92%;--awb-width-medium:100%;--awb-order-medium:0;--awb-spacing-right-medium:1.92%;--awb-spacing-left-medium:1.92%;--awb-width-small:100%;--awb-order-small:0;--awb-spacing-right-small:1.92%;--awb-spacing-left-small:1.92%;\"><div class=\"fusion-column-wrapper fusion-column-has-shadow fusion-flex-justify-content-flex-start fusion-content-layout-column\"><div class=\"fusion-text fusion-text-1\"><p>Mit Stolz verk\u00fcnden wir, dass am vergangenen 28. September Gruppo Montenegro f\u00fcr alle Betriebsst\u00e4tten in Italien die Zertifizierung f\u00fcr die Gleichstellung der Geschlechter entsprechend der Praktik UNI\/PdR 125:2022 erzielte.<\/p>\n<p>Laut dem Register der Akkreditierungsstelle Accredia sind wir das 1. Spirit-Unternehmen und unter den ersten Food-Unternehmen in Italien, die zertifiziert wurden.<\/p>\n<p>Mit dieser Aktivit\u00e4t haben wir die verschiedenen Initiativen des umfangreichen Programms zur F\u00f6rderung der Geschlechtervielfalt, an dem wir bereits seit 2020 arbeiten, erfolgreich in unser System integriert.<\/p>\n<p>Die Auditoren betonten im Besonderen den pragmatischen Ansatz und die Qualit\u00e4t der L\u00f6sungsans\u00e4tze, den Teamzusammenhalt, die Vision und Strategie zur Umsetzung des Programms.<\/p>\n<p>Die Zertifizierung best\u00e4tigt nicht nur ma\u00dfgeblich die Richtlinien, Praktiken, Programme, Firmenkultur und -werte, die wir \u00fcber die Zeit errichtet haben, sondern sie ist auch eine wichtige Anerkennung, die uns auf dem Markt auszeichnet und f\u00fcr alle unsere Stakeholder wettbewerbsf\u00e4higer und attraktiver macht.<\/p>\n<p><a href=\"https:\/\/gruppomontenegro.com\/wp-content\/uploads\/2023\/10\/CS_Gruppo-Montenegro_certificazione-parita\u0300-di-genere_26.10.2023_ENG.pdf\" target=\"_blank\" rel=\"noopener\">Hier finden Sie die komplette Pressemitteilung<\/a><\/p>\n<\/div><div class=\"fusion-separator fusion-full-width-sep\" style=\"align-self: center;margin-left: auto;margin-right: auto;margin-bottom:20px;width:100%;\"><\/div><div class=\"fusion-image-element \" style=\"--awb-caption-title-font-family:var(--h2_typography-font-family);--awb-caption-title-font-weight:var(--h2_typography-font-weight);--awb-caption-title-font-style:var(--h2_typography-font-style);--awb-caption-title-size:var(--h2_typography-font-size);--awb-caption-title-transform:var(--h2_typography-text-transform);--awb-caption-title-line-height:var(--h2_typography-line-height);--awb-caption-title-letter-spacing:var(--h2_typography-letter-spacing);\"><span class=\" fusion-imageframe imageframe-none imageframe-1 hover-type-none\"><img decoding=\"async\" width=\"600\" height=\"200\" title=\"cert_uni-csqa\" src=\"https:\/\/gruppomontenegro.com\/wp-content\/uploads\/2023\/10\/cert_uni-csqa.png\" alt class=\"img-responsive wp-image-7612\" srcset=\"https:\/\/gruppomontenegro.com\/wp-content\/uploads\/2023\/10\/cert_uni-csqa-200x67.png 200w, https:\/\/gruppomontenegro.com\/wp-content\/uploads\/2023\/10\/cert_uni-csqa-400x133.png 400w, https:\/\/gruppomontenegro.com\/wp-content\/uploads\/2023\/10\/cert_uni-csqa.png 600w\" sizes=\"(max-width: 640px) 100vw, 600px\" \/><\/span><\/div><div class=\"fusion-separator fusion-full-width-sep\" style=\"align-self: center;margin-left: auto;margin-right: auto;margin-bottom:40px;width:100%;\"><\/div><div class=\"fusion-image-element \" style=\"--awb-caption-title-font-family:var(--h2_typography-font-family);--awb-caption-title-font-weight:var(--h2_typography-font-weight);--awb-caption-title-font-style:var(--h2_typography-font-style);--awb-caption-title-size:var(--h2_typography-font-size);--awb-caption-title-transform:var(--h2_typography-text-transform);--awb-caption-title-line-height:var(--h2_typography-line-height);--awb-caption-title-letter-spacing:var(--h2_typography-letter-spacing);\"><span class=\" fusion-imageframe imageframe-none imageframe-2 hover-type-none\"><img decoding=\"async\" width=\"1080\" height=\"1080\" title=\"gender-equality_en\" src=\"https:\/\/gruppomontenegro.com\/wp-content\/uploads\/2023\/10\/gender-equality_en.jpg\" alt class=\"img-responsive wp-image-7624\" srcset=\"https:\/\/gruppomontenegro.com\/wp-content\/uploads\/2023\/10\/gender-equality_en-200x200.jpg 200w, https:\/\/gruppomontenegro.com\/wp-content\/uploads\/2023\/10\/gender-equality_en-400x400.jpg 400w, https:\/\/gruppomontenegro.com\/wp-content\/uploads\/2023\/10\/gender-equality_en-600x600.jpg 600w, https:\/\/gruppomontenegro.com\/wp-content\/uploads\/2023\/10\/gender-equality_en-800x800.jpg 800w, https:\/\/gruppomontenegro.com\/wp-content\/uploads\/2023\/10\/gender-equality_en.jpg 1080w\" sizes=\"(max-width: 640px) 100vw, 1080px\" \/><\/span><\/div><\/div><\/div><\/div><\/div>\n","protected":false},"excerpt":{"rendered":"<p>Mit Stolz verk\u00fcnden wir, dass am vergangenen 28. September Gruppo Montenegro f\u00fcr alle Betriebsst\u00e4tten in Italien die Zertifizierung f\u00fcr die Gleichstellung der Geschlechter entsprechend der Praktik UNI\/PdR 125:2022 erzielte.<\/p>\n","protected":false},"author":9,"featured_media":7615,"comment_status":"closed","ping_status":"closed","sticky":false,"template":"","format":"standard","meta":{"footnotes":""},"tags":[],"categoria-notizia":[99,89,104],"class_list":["post-7621","post","type-post","status-publish","format-standard","has-post-thumbnail","hentry","categoria-notizia-auszeichnungen","categoria-notizia-die-gruppe","categoria-notizia-people-de"],"yoast_head":"<!-- This site is optimized with the Yoast SEO plugin v27.1.1 - https:\/\/yoast.com\/product\/yoast-seo-wordpress\/ -->\n<title>Gruppo Montenegro erh\u00e4lt die Zertifizierung f\u00fcr die Gleichstellung der Geschlechter | Gruppo Montenegro<\/title>\n<meta name=\"description\" content=\"Mit Stolz verk\u00fcnden wir, dass am vergangenen 28. September Gruppo Montenegro f\u00fcr alle Betriebsst\u00e4tten in Italien die Zertifizierung f\u00fcr die Gleichstellung der Geschlechter entsprechend der Praktik UNI\/PdR 125:2022 erzielte.\" \/>\n<meta name=\"robots\" content=\"index, follow, max-snippet:-1, max-image-preview:large, max-video-preview:-1\" \/>\n<link rel=\"canonical\" href=\"https:\/\/gruppomontenegro.com\/de\/gruppo-montenegro-erhaelt-die-zertifizierung-fuer-die-gleichstellung-der-geschlechter\/\" \/>\n<meta property=\"og:locale\" content=\"de_DE\" \/>\n<meta property=\"og:type\" content=\"article\" \/>\n<meta property=\"og:title\" content=\"Gruppo Montenegro erh\u00e4lt die Zertifizierung f\u00fcr die Gleichstellung der Geschlechter | Gruppo Montenegro\" \/>\n<meta property=\"og:description\" content=\"Mit Stolz verk\u00fcnden wir, dass am vergangenen 28. September Gruppo Montenegro f\u00fcr alle Betriebsst\u00e4tten in Italien die Zertifizierung f\u00fcr die Gleichstellung der Geschlechter entsprechend der Praktik UNI\/PdR 125:2022 erzielte.\" \/>\n<meta property=\"og:url\" content=\"https:\/\/gruppomontenegro.com\/de\/gruppo-montenegro-erhaelt-die-zertifizierung-fuer-die-gleichstellung-der-geschlechter\/\" \/>\n<meta property=\"og:site_name\" content=\"Gruppo Montenegro\" \/>\n<meta property=\"article:published_time\" content=\"2023-10-26T09:30:01+00:00\" \/>\n<meta property=\"article:modified_time\" content=\"2023-10-26T09:38:13+00:00\" \/>\n<meta property=\"og:image\" content=\"https:\/\/gruppomontenegro.com\/wp-content\/uploads\/2023\/10\/gender-equality-cert.jpg\" \/>\n\t<meta property=\"og:image:width\" content=\"1200\" \/>\n\t<meta property=\"og:image:height\" content=\"800\" \/>\n\t<meta property=\"og:image:type\" content=\"image\/jpeg\" \/>\n<meta name=\"author\" content=\"antonella@\" \/>\n<meta name=\"twitter:card\" content=\"summary_large_image\" \/>\n<script type=\"application\/ld+json\" class=\"yoast-schema-graph\">{\"@context\":\"https:\/\/schema.org\",\"@graph\":[{\"@type\":[\"Article\",\"BlogPosting\"],\"@id\":\"https:\/\/gruppomontenegro.com\/de\/gruppo-montenegro-erhaelt-die-zertifizierung-fuer-die-gleichstellung-der-geschlechter\/#article\",\"isPartOf\":{\"@id\":\"https:\/\/gruppomontenegro.com\/de\/gruppo-montenegro-erhaelt-die-zertifizierung-fuer-die-gleichstellung-der-geschlechter\/\"},\"author\":{\"name\":\"antonella@\",\"@id\":\"https:\/\/gruppomontenegro.com\/de\/#\/schema\/person\/dc08592f531cba68ff145a60a646af7b\"},\"headline\":\"Gruppo Montenegro erh\u00e4lt die Zertifizierung f\u00fcr die Gleichstellung der Geschlechter\",\"datePublished\":\"2023-10-26T09:30:01+00:00\",\"dateModified\":\"2023-10-26T09:38:13+00:00\",\"mainEntityOfPage\":{\"@id\":\"https:\/\/gruppomontenegro.com\/de\/gruppo-montenegro-erhaelt-die-zertifizierung-fuer-die-gleichstellung-der-geschlechter\/\"},\"wordCount\":1647,\"publisher\":{\"@id\":\"https:\/\/gruppomontenegro.com\/de\/#organization\"},\"image\":{\"@id\":\"https:\/\/gruppomontenegro.com\/de\/gruppo-montenegro-erhaelt-die-zertifizierung-fuer-die-gleichstellung-der-geschlechter\/#primaryimage\"},\"thumbnailUrl\":\"https:\/\/gruppomontenegro.com\/wp-content\/uploads\/2023\/10\/gender-equality-cert.jpg\",\"inLanguage\":\"de-DE\"},{\"@type\":\"WebPage\",\"@id\":\"https:\/\/gruppomontenegro.com\/de\/gruppo-montenegro-erhaelt-die-zertifizierung-fuer-die-gleichstellung-der-geschlechter\/\",\"url\":\"https:\/\/gruppomontenegro.com\/de\/gruppo-montenegro-erhaelt-die-zertifizierung-fuer-die-gleichstellung-der-geschlechter\/\",\"name\":\"Gruppo Montenegro erh\u00e4lt die Zertifizierung f\u00fcr die Gleichstellung der Geschlechter | Gruppo Montenegro\",\"isPartOf\":{\"@id\":\"https:\/\/gruppomontenegro.com\/de\/#website\"},\"primaryImageOfPage\":{\"@id\":\"https:\/\/gruppomontenegro.com\/de\/gruppo-montenegro-erhaelt-die-zertifizierung-fuer-die-gleichstellung-der-geschlechter\/#primaryimage\"},\"image\":{\"@id\":\"https:\/\/gruppomontenegro.com\/de\/gruppo-montenegro-erhaelt-die-zertifizierung-fuer-die-gleichstellung-der-geschlechter\/#primaryimage\"},\"thumbnailUrl\":\"https:\/\/gruppomontenegro.com\/wp-content\/uploads\/2023\/10\/gender-equality-cert.jpg\",\"datePublished\":\"2023-10-26T09:30:01+00:00\",\"dateModified\":\"2023-10-26T09:38:13+00:00\",\"description\":\"Mit Stolz verk\u00fcnden wir, dass am vergangenen 28. September Gruppo Montenegro f\u00fcr alle Betriebsst\u00e4tten in Italien die Zertifizierung f\u00fcr die Gleichstellung der Geschlechter entsprechend der Praktik UNI\/PdR 125:2022 erzielte.\",\"breadcrumb\":{\"@id\":\"https:\/\/gruppomontenegro.com\/de\/gruppo-montenegro-erhaelt-die-zertifizierung-fuer-die-gleichstellung-der-geschlechter\/#breadcrumb\"},\"inLanguage\":\"de-DE\",\"potentialAction\":[{\"@type\":\"ReadAction\",\"target\":[\"https:\/\/gruppomontenegro.com\/de\/gruppo-montenegro-erhaelt-die-zertifizierung-fuer-die-gleichstellung-der-geschlechter\/\"]}]},{\"@type\":\"ImageObject\",\"inLanguage\":\"de-DE\",\"@id\":\"https:\/\/gruppomontenegro.com\/de\/gruppo-montenegro-erhaelt-die-zertifizierung-fuer-die-gleichstellung-der-geschlechter\/#primaryimage\",\"url\":\"https:\/\/gruppomontenegro.com\/wp-content\/uploads\/2023\/10\/gender-equality-cert.jpg\",\"contentUrl\":\"https:\/\/gruppomontenegro.com\/wp-content\/uploads\/2023\/10\/gender-equality-cert.jpg\",\"width\":1200,\"height\":800},{\"@type\":\"BreadcrumbList\",\"@id\":\"https:\/\/gruppomontenegro.com\/de\/gruppo-montenegro-erhaelt-die-zertifizierung-fuer-die-gleichstellung-der-geschlechter\/#breadcrumb\",\"itemListElement\":[{\"@type\":\"ListItem\",\"position\":1,\"name\":\"Home\",\"item\":\"https:\/\/gruppomontenegro.com\/de\/\"},{\"@type\":\"ListItem\",\"position\":2,\"name\":\"Gruppo Montenegro erh\u00e4lt die Zertifizierung f\u00fcr die Gleichstellung der Geschlechter\"}]},{\"@type\":\"WebSite\",\"@id\":\"https:\/\/gruppomontenegro.com\/de\/#website\",\"url\":\"https:\/\/gruppomontenegro.com\/de\/\",\"name\":\"Gruppo Montenegro\",\"description\":\"\",\"publisher\":{\"@id\":\"https:\/\/gruppomontenegro.com\/de\/#organization\"},\"potentialAction\":[{\"@type\":\"SearchAction\",\"target\":{\"@type\":\"EntryPoint\",\"urlTemplate\":\"https:\/\/gruppomontenegro.com\/de\/?s={search_term_string}\"},\"query-input\":{\"@type\":\"PropertyValueSpecification\",\"valueRequired\":true,\"valueName\":\"search_term_string\"}}],\"inLanguage\":\"de-DE\"},{\"@type\":\"Organization\",\"@id\":\"https:\/\/gruppomontenegro.com\/de\/#organization\",\"name\":\"Gruppo Montenegro\",\"url\":\"https:\/\/gruppomontenegro.com\/de\/\",\"logo\":{\"@type\":\"ImageObject\",\"inLanguage\":\"de-DE\",\"@id\":\"https:\/\/gruppomontenegro.com\/de\/#\/schema\/logo\/image\/\",\"url\":\"https:\/\/gruppomontenegro.com\/wp-content\/uploads\/2022\/12\/logo-montenegro.jpg\",\"contentUrl\":\"https:\/\/gruppomontenegro.com\/wp-content\/uploads\/2022\/12\/logo-montenegro.jpg\",\"width\":300,\"height\":200,\"caption\":\"Gruppo Montenegro\"},\"image\":{\"@id\":\"https:\/\/gruppomontenegro.com\/de\/#\/schema\/logo\/image\/\"}},{\"@type\":\"Person\",\"@id\":\"https:\/\/gruppomontenegro.com\/de\/#\/schema\/person\/dc08592f531cba68ff145a60a646af7b\",\"name\":\"antonella@\"}]}<\/script>\n<!-- \/ Yoast SEO plugin. -->","yoast_head_json":{"title":"Gruppo Montenegro erh\u00e4lt die Zertifizierung f\u00fcr die Gleichstellung der Geschlechter | Gruppo Montenegro","description":"Mit Stolz verk\u00fcnden wir, dass am vergangenen 28. September Gruppo Montenegro f\u00fcr alle Betriebsst\u00e4tten in Italien die Zertifizierung f\u00fcr die Gleichstellung der Geschlechter entsprechend der Praktik UNI\/PdR 125:2022 erzielte.","robots":{"index":"index","follow":"follow","max-snippet":"max-snippet:-1","max-image-preview":"max-image-preview:large","max-video-preview":"max-video-preview:-1"},"canonical":"https:\/\/gruppomontenegro.com\/de\/gruppo-montenegro-erhaelt-die-zertifizierung-fuer-die-gleichstellung-der-geschlechter\/","og_locale":"de_DE","og_type":"article","og_title":"Gruppo Montenegro erh\u00e4lt die Zertifizierung f\u00fcr die Gleichstellung der Geschlechter | Gruppo Montenegro","og_description":"Mit Stolz verk\u00fcnden wir, dass am vergangenen 28. September Gruppo Montenegro f\u00fcr alle Betriebsst\u00e4tten in Italien die Zertifizierung f\u00fcr die Gleichstellung der Geschlechter entsprechend der Praktik UNI\/PdR 125:2022 erzielte.","og_url":"https:\/\/gruppomontenegro.com\/de\/gruppo-montenegro-erhaelt-die-zertifizierung-fuer-die-gleichstellung-der-geschlechter\/","og_site_name":"Gruppo Montenegro","article_published_time":"2023-10-26T09:30:01+00:00","article_modified_time":"2023-10-26T09:38:13+00:00","og_image":[{"width":1200,"height":800,"url":"https:\/\/gruppomontenegro.com\/wp-content\/uploads\/2023\/10\/gender-equality-cert.jpg","type":"image\/jpeg"}],"author":"antonella@","twitter_card":"summary_large_image","schema":{"@context":"https:\/\/schema.org","@graph":[{"@type":["Article","BlogPosting"],"@id":"https:\/\/gruppomontenegro.com\/de\/gruppo-montenegro-erhaelt-die-zertifizierung-fuer-die-gleichstellung-der-geschlechter\/#article","isPartOf":{"@id":"https:\/\/gruppomontenegro.com\/de\/gruppo-montenegro-erhaelt-die-zertifizierung-fuer-die-gleichstellung-der-geschlechter\/"},"author":{"name":"antonella@","@id":"https:\/\/gruppomontenegro.com\/de\/#\/schema\/person\/dc08592f531cba68ff145a60a646af7b"},"headline":"Gruppo Montenegro erh\u00e4lt die Zertifizierung f\u00fcr die Gleichstellung der Geschlechter","datePublished":"2023-10-26T09:30:01+00:00","dateModified":"2023-10-26T09:38:13+00:00","mainEntityOfPage":{"@id":"https:\/\/gruppomontenegro.com\/de\/gruppo-montenegro-erhaelt-die-zertifizierung-fuer-die-gleichstellung-der-geschlechter\/"},"wordCount":1647,"publisher":{"@id":"https:\/\/gruppomontenegro.com\/de\/#organization"},"image":{"@id":"https:\/\/gruppomontenegro.com\/de\/gruppo-montenegro-erhaelt-die-zertifizierung-fuer-die-gleichstellung-der-geschlechter\/#primaryimage"},"thumbnailUrl":"https:\/\/gruppomontenegro.com\/wp-content\/uploads\/2023\/10\/gender-equality-cert.jpg","inLanguage":"de-DE"},{"@type":"WebPage","@id":"https:\/\/gruppomontenegro.com\/de\/gruppo-montenegro-erhaelt-die-zertifizierung-fuer-die-gleichstellung-der-geschlechter\/","url":"https:\/\/gruppomontenegro.com\/de\/gruppo-montenegro-erhaelt-die-zertifizierung-fuer-die-gleichstellung-der-geschlechter\/","name":"Gruppo Montenegro erh\u00e4lt die Zertifizierung f\u00fcr die Gleichstellung der Geschlechter | Gruppo Montenegro","isPartOf":{"@id":"https:\/\/gruppomontenegro.com\/de\/#website"},"primaryImageOfPage":{"@id":"https:\/\/gruppomontenegro.com\/de\/gruppo-montenegro-erhaelt-die-zertifizierung-fuer-die-gleichstellung-der-geschlechter\/#primaryimage"},"image":{"@id":"https:\/\/gruppomontenegro.com\/de\/gruppo-montenegro-erhaelt-die-zertifizierung-fuer-die-gleichstellung-der-geschlechter\/#primaryimage"},"thumbnailUrl":"https:\/\/gruppomontenegro.com\/wp-content\/uploads\/2023\/10\/gender-equality-cert.jpg","datePublished":"2023-10-26T09:30:01+00:00","dateModified":"2023-10-26T09:38:13+00:00","description":"Mit Stolz verk\u00fcnden wir, dass am vergangenen 28. September Gruppo Montenegro f\u00fcr alle Betriebsst\u00e4tten in Italien die Zertifizierung f\u00fcr die Gleichstellung der Geschlechter entsprechend der Praktik UNI\/PdR 125:2022 erzielte.","breadcrumb":{"@id":"https:\/\/gruppomontenegro.com\/de\/gruppo-montenegro-erhaelt-die-zertifizierung-fuer-die-gleichstellung-der-geschlechter\/#breadcrumb"},"inLanguage":"de-DE","potentialAction":[{"@type":"ReadAction","target":["https:\/\/gruppomontenegro.com\/de\/gruppo-montenegro-erhaelt-die-zertifizierung-fuer-die-gleichstellung-der-geschlechter\/"]}]},{"@type":"ImageObject","inLanguage":"de-DE","@id":"https:\/\/gruppomontenegro.com\/de\/gruppo-montenegro-erhaelt-die-zertifizierung-fuer-die-gleichstellung-der-geschlechter\/#primaryimage","url":"https:\/\/gruppomontenegro.com\/wp-content\/uploads\/2023\/10\/gender-equality-cert.jpg","contentUrl":"https:\/\/gruppomontenegro.com\/wp-content\/uploads\/2023\/10\/gender-equality-cert.jpg","width":1200,"height":800},{"@type":"BreadcrumbList","@id":"https:\/\/gruppomontenegro.com\/de\/gruppo-montenegro-erhaelt-die-zertifizierung-fuer-die-gleichstellung-der-geschlechter\/#breadcrumb","itemListElement":[{"@type":"ListItem","position":1,"name":"Home","item":"https:\/\/gruppomontenegro.com\/de\/"},{"@type":"ListItem","position":2,"name":"Gruppo Montenegro erh\u00e4lt die Zertifizierung f\u00fcr die Gleichstellung der Geschlechter"}]},{"@type":"WebSite","@id":"https:\/\/gruppomontenegro.com\/de\/#website","url":"https:\/\/gruppomontenegro.com\/de\/","name":"Gruppo Montenegro","description":"","publisher":{"@id":"https:\/\/gruppomontenegro.com\/de\/#organization"},"potentialAction":[{"@type":"SearchAction","target":{"@type":"EntryPoint","urlTemplate":"https:\/\/gruppomontenegro.com\/de\/?s={search_term_string}"},"query-input":{"@type":"PropertyValueSpecification","valueRequired":true,"valueName":"search_term_string"}}],"inLanguage":"de-DE"},{"@type":"Organization","@id":"https:\/\/gruppomontenegro.com\/de\/#organization","name":"Gruppo Montenegro","url":"https:\/\/gruppomontenegro.com\/de\/","logo":{"@type":"ImageObject","inLanguage":"de-DE","@id":"https:\/\/gruppomontenegro.com\/de\/#\/schema\/logo\/image\/","url":"https:\/\/gruppomontenegro.com\/wp-content\/uploads\/2022\/12\/logo-montenegro.jpg","contentUrl":"https:\/\/gruppomontenegro.com\/wp-content\/uploads\/2022\/12\/logo-montenegro.jpg","width":300,"height":200,"caption":"Gruppo Montenegro"},"image":{"@id":"https:\/\/gruppomontenegro.com\/de\/#\/schema\/logo\/image\/"}},{"@type":"Person","@id":"https:\/\/gruppomontenegro.com\/de\/#\/schema\/person\/dc08592f531cba68ff145a60a646af7b","name":"antonella@"}]}},"_links":{"self":[{"href":"https:\/\/gruppomontenegro.com\/de\/wp-json\/wp\/v2\/posts\/7621","targetHints":{"allow":["GET"]}}],"collection":[{"href":"https:\/\/gruppomontenegro.com\/de\/wp-json\/wp\/v2\/posts"}],"about":[{"href":"https:\/\/gruppomontenegro.com\/de\/wp-json\/wp\/v2\/types\/post"}],"author":[{"embeddable":true,"href":"https:\/\/gruppomontenegro.com\/de\/wp-json\/wp\/v2\/users\/9"}],"replies":[{"embeddable":true,"href":"https:\/\/gruppomontenegro.com\/de\/wp-json\/wp\/v2\/comments?post=7621"}],"version-history":[{"count":1,"href":"https:\/\/gruppomontenegro.com\/de\/wp-json\/wp\/v2\/posts\/7621\/revisions"}],"predecessor-version":[{"id":7627,"href":"https:\/\/gruppomontenegro.com\/de\/wp-json\/wp\/v2\/posts\/7621\/revisions\/7627"}],"wp:featuredmedia":[{"embeddable":true,"href":"https:\/\/gruppomontenegro.com\/de\/wp-json\/wp\/v2\/media\/7615"}],"wp:attachment":[{"href":"https:\/\/gruppomontenegro.com\/de\/wp-json\/wp\/v2\/media?parent=7621"}],"wp:term":[{"taxonomy":"post_tag","embeddable":true,"href":"https:\/\/gruppomontenegro.com\/de\/wp-json\/wp\/v2\/tags?post=7621"},{"taxonomy":"categoria-notizia","embeddable":true,"href":"https:\/\/gruppomontenegro.com\/de\/wp-json\/wp\/v2\/categoria-notizia?post=7621"}],"curies":[{"name":"wp","href":"https:\/\/api.w.org\/{rel}","templated":true}]}}