{"id":7307,"date":"2023-07-20T18:03:51","date_gmt":"2023-07-20T16:03:51","guid":{"rendered":"https:\/\/gruppomontenegro.com\/?p=7307"},"modified":"2023-07-25T16:50:12","modified_gmt":"2023-07-25T14:50:12","slug":"sergio-fava-neuer-geschaeftsfuehrer-von-gruppo-montenegro","status":"publish","type":"post","link":"https:\/\/gruppomontenegro.com\/de\/sergio-fava-neuer-geschaeftsfuehrer-von-gruppo-montenegro\/","title":{"rendered":"Sergio Fava neuer Gesch\u00e4ftsf\u00fchrer von Gruppo Montenegro"},"content":{"rendered":"<div class=\"fusion-fullwidth fullwidth-box fusion-builder-row-1 fusion-flex-container has-pattern-background has-mask-background nonhundred-percent-fullwidth non-hundred-percent-height-scrolling\" style=\"--awb-border-radius-top-left:0px;--awb-border-radius-top-right:0px;--awb-border-radius-bottom-right:0px;--awb-border-radius-bottom-left:0px;--awb-flex-wrap:wrap;\" ><div class=\"fusion-builder-row fusion-row fusion-flex-align-items-flex-start fusion-flex-content-wrap\" style=\"max-width:1248px;margin-left: calc(-4% \/ 2 );margin-right: calc(-4% \/ 2 );\"><div class=\"fusion-layout-column fusion_builder_column fusion-builder-column-0 fusion_builder_column_1_1 1_1 fusion-flex-column\" style=\"--awb-bg-size:cover;--awb-width-large:100%;--awb-margin-top-large:0px;--awb-spacing-right-large:1.92%;--awb-margin-bottom-large:20px;--awb-spacing-left-large:1.92%;--awb-width-medium:100%;--awb-order-medium:0;--awb-spacing-right-medium:1.92%;--awb-spacing-left-medium:1.92%;--awb-width-small:100%;--awb-order-small:0;--awb-spacing-right-small:1.92%;--awb-spacing-left-small:1.92%;\"><div class=\"fusion-column-wrapper fusion-column-has-shadow fusion-flex-justify-content-flex-start fusion-content-layout-column\"><div class=\"fusion-text fusion-text-1\"><p><span style=\"text-decoration: underline;\"><strong>Pressemitteilung<\/strong><\/span><\/p>\n<p><em>Bologna, 20. Juli 2023 \u2013 <\/em><strong>Sergio Fava ist neuer CEO von Gruppo Montenegro<\/strong>. Er trat das Amt am 19. Juli an und l\u00f6ste Marco Ferrari ab, der das Unternehmen verl\u00e4sst, um sich neuen Herausforderungen zu stellen.<\/p>\n<p>\u201e<em>Mit gro\u00dfer Freude und Begeisterung geben wir die Ernennung von Sergio Fava zum Gesch\u00e4ftsf\u00fchrer von Gruppo Montenegro bekannt. Wir sind uns sicher, <\/em><em><strong>&#8211; <\/strong><\/em><strong>verk\u00fcndete Simonetta Ser\u00e1gnoli, Vorsitzende von Gruppo Montenegro <\/strong>&#8211; <em>dass er mit seiner konsolidierten Erfahrung das heute auf nationaler und internationaler Ebene zunehmend wettbewerbsf\u00e4hige Unternehmen auf dem Weg der Innovation und des Wachstums erfolgreich leiten wird. Der Vorstand von Gruppo Montenegro und die Eigent\u00fcmer danken dem scheidenden Gesch\u00e4ftsf\u00fchrer Marco Ferrari f\u00fcr die erfolgte Arbeit und den geleisteten Beitrag in diesen Jahren.&#8221; <\/em><\/p>\n<p>Als langj\u00e4hriger Top-Manager mit einem Erfahrungsschatz aus den f\u00fchrenden Unternehmen der Branche kam Sergio Fava 2015 zu Gruppo Montenegro. Aufgrund seiner anerkannten F\u00e4higkeiten und F\u00fchrungsqualit\u00e4ten \u00fcbernahm er Aufgaben in leitenden Funktionen, 2016 als Direktor der Spirit Division und 2020 als Direktor der Business Unit Italien, und er trug wesentlich zur Entwicklung von Gruppo Montenegro bei.<\/p>\n<p>In seiner vorherigen beruflichen Laufbahn war er 3 Jahre f\u00fcr die Gruppe IDV-Grand Met und \u00fcber 10 Jahre f\u00fcr Bacardi-Martini t\u00e4tig. Er war Generaldirektor und Gesch\u00e4ftsf\u00fchrer von Comital (Brand Cuki und Domopak), Gancia-Russian Standard und F.lli Branca Distillerie. Er war am Relaunch von Parmalat nach der Finanzkrise beteiligt, arbeitete im Team von Enrico Bondi und als Gesch\u00e4ftsf\u00fchrer des Unternehmens Panna Elena.<\/p>\n<p>Sergio Fava wird nun Gruppo Montenegro leiten, ein italienisches Unternehmen, das 1885 gegr\u00fcndet wurde und heute Marktf\u00fchrer in den Bereichen Lebensmittel und alkoholische Getr\u00e4nke mit Marken ist, die traditionell im Bewusstsein der Italiener verankert sind: Amaro Montenegro, Vecchia Romagna, Select Aperitivo, Rosso Antico, Bonomelli, Th\u00e8 Infr\u00e8, Olio Cuore, Spezie Cannamela, Polenta Valsugana, Pizza Catar\u00ec. Als ikonische Symbole des Made in Italy repr\u00e4sentieren sie bestens das konstante Streben nach Exzellenz unter Wahrung der Tradition und den besonderen Anspruch an Qualit\u00e4t und Nachhaltigkeit der Produkte, seit jeher charakteristische Merkmale von Gruppo Montenegro. Dank eines soliden nationalen und internationalen Vertriebsnetzes behaupten die Marken sich bis heute als echte Botschafter der italienischen Kultur und Tradition.<\/p>\n<p><a href=\"https:\/\/gruppomontenegro.com\/wp-content\/uploads\/2023\/07\/CS_nuovo-AD-Gruppo-Montenegro_20.07-DEF-deutsch.pdf\" target=\"_blank\" rel=\"noopener\">Hier finden Sie die komplette Pressemitteilung<\/a><\/p>\n<\/div><div class=\"fusion-image-element \" style=\"--awb-caption-title-font-family:var(--h2_typography-font-family);--awb-caption-title-font-weight:var(--h2_typography-font-weight);--awb-caption-title-font-style:var(--h2_typography-font-style);--awb-caption-title-size:var(--h2_typography-font-size);--awb-caption-title-transform:var(--h2_typography-text-transform);--awb-caption-title-line-height:var(--h2_typography-line-height);--awb-caption-title-letter-spacing:var(--h2_typography-letter-spacing);\"><span class=\" fusion-imageframe imageframe-none imageframe-1 hover-type-none\"><img decoding=\"async\" width=\"1105\" height=\"1621\" title=\"Sergio Fava\" src=\"https:\/\/gruppomontenegro.com\/wp-content\/uploads\/2023\/07\/Sergio-Fava-195.jpg\" alt class=\"img-responsive wp-image-7341\" srcset=\"https:\/\/gruppomontenegro.com\/wp-content\/uploads\/2023\/07\/Sergio-Fava-195-200x293.jpg 200w, https:\/\/gruppomontenegro.com\/wp-content\/uploads\/2023\/07\/Sergio-Fava-195-400x587.jpg 400w, https:\/\/gruppomontenegro.com\/wp-content\/uploads\/2023\/07\/Sergio-Fava-195-600x880.jpg 600w, https:\/\/gruppomontenegro.com\/wp-content\/uploads\/2023\/07\/Sergio-Fava-195-800x1174.jpg 800w, https:\/\/gruppomontenegro.com\/wp-content\/uploads\/2023\/07\/Sergio-Fava-195.jpg 1105w\" sizes=\"(max-width: 640px) 100vw, 1105px\" \/><\/span><\/div><\/div><\/div><\/div><\/div>\n","protected":false},"excerpt":{"rendered":"<p>Sergio Fava ist neuer CEO von Gruppo Montenegro. Er trat das Amt am 19. Juli an und l\u00f6ste Marco Ferrari ab, der das Unternehmen verl\u00e4sst, um sich neuen Herausforderungen zu stellen.<\/p>\n","protected":false},"author":7,"featured_media":7331,"comment_status":"closed","ping_status":"closed","sticky":false,"template":"","format":"standard","meta":{"footnotes":""},"tags":[],"categoria-notizia":[89],"class_list":["post-7307","post","type-post","status-publish","format-standard","has-post-thumbnail","hentry","categoria-notizia-die-gruppe"],"yoast_head":"<!-- This site is optimized with the Yoast SEO plugin v27.1.1 - https:\/\/yoast.com\/product\/yoast-seo-wordpress\/ -->\n<title>Sergio Fava neuer Gesch\u00e4ftsf\u00fchrer von Gruppo Montenegro | Gruppo Montenegro<\/title>\n<meta name=\"description\" content=\"Sergio Fava ist neuer CEO von Gruppo Montenegro. Er trat das Amt am 19. Juli an und l\u00f6ste Marco Ferrari ab, der das Unternehmen verl\u00e4sst, um sich neuen Herausforderungen zu stellen.\" \/>\n<meta name=\"robots\" content=\"index, follow, max-snippet:-1, max-image-preview:large, max-video-preview:-1\" \/>\n<link rel=\"canonical\" href=\"https:\/\/gruppomontenegro.com\/de\/sergio-fava-neuer-geschaeftsfuehrer-von-gruppo-montenegro\/\" \/>\n<meta property=\"og:locale\" content=\"de_DE\" \/>\n<meta property=\"og:type\" content=\"article\" \/>\n<meta property=\"og:title\" content=\"Sergio Fava neuer Gesch\u00e4ftsf\u00fchrer von Gruppo Montenegro | Gruppo Montenegro\" \/>\n<meta property=\"og:description\" content=\"Sergio Fava ist neuer CEO von Gruppo Montenegro. Er trat das Amt am 19. Juli an und l\u00f6ste Marco Ferrari ab, der das Unternehmen verl\u00e4sst, um sich neuen Herausforderungen zu stellen.\" \/>\n<meta property=\"og:url\" content=\"https:\/\/gruppomontenegro.com\/de\/sergio-fava-neuer-geschaeftsfuehrer-von-gruppo-montenegro\/\" \/>\n<meta property=\"og:site_name\" content=\"Gruppo Montenegro\" \/>\n<meta property=\"article:published_time\" content=\"2023-07-20T16:03:51+00:00\" \/>\n<meta property=\"article:modified_time\" content=\"2023-07-25T14:50:12+00:00\" \/>\n<meta property=\"og:image\" content=\"https:\/\/gruppomontenegro.com\/wp-content\/uploads\/2023\/07\/cover-cs5.jpg\" \/>\n\t<meta property=\"og:image:width\" content=\"1200\" \/>\n\t<meta property=\"og:image:height\" content=\"550\" \/>\n\t<meta property=\"og:image:type\" content=\"image\/jpeg\" \/>\n<meta name=\"author\" content=\"monica@\" \/>\n<meta name=\"twitter:card\" content=\"summary_large_image\" \/>\n<script type=\"application\/ld+json\" class=\"yoast-schema-graph\">{\"@context\":\"https:\/\/schema.org\",\"@graph\":[{\"@type\":[\"Article\",\"BlogPosting\"],\"@id\":\"https:\/\/gruppomontenegro.com\/de\/sergio-fava-neuer-geschaeftsfuehrer-von-gruppo-montenegro\/#article\",\"isPartOf\":{\"@id\":\"https:\/\/gruppomontenegro.com\/de\/sergio-fava-neuer-geschaeftsfuehrer-von-gruppo-montenegro\/\"},\"author\":{\"name\":\"monica@\",\"@id\":\"https:\/\/gruppomontenegro.com\/de\/#\/schema\/person\/aedfed4a2fb3057e1c1b0d95200ef5c7\"},\"headline\":\"Sergio Fava neuer Gesch\u00e4ftsf\u00fchrer von Gruppo Montenegro\",\"datePublished\":\"2023-07-20T16:03:51+00:00\",\"dateModified\":\"2023-07-25T14:50:12+00:00\",\"mainEntityOfPage\":{\"@id\":\"https:\/\/gruppomontenegro.com\/de\/sergio-fava-neuer-geschaeftsfuehrer-von-gruppo-montenegro\/\"},\"wordCount\":1473,\"publisher\":{\"@id\":\"https:\/\/gruppomontenegro.com\/de\/#organization\"},\"image\":{\"@id\":\"https:\/\/gruppomontenegro.com\/de\/sergio-fava-neuer-geschaeftsfuehrer-von-gruppo-montenegro\/#primaryimage\"},\"thumbnailUrl\":\"https:\/\/gruppomontenegro.com\/wp-content\/uploads\/2023\/07\/cover-cs5.jpg\",\"inLanguage\":\"de-DE\"},{\"@type\":\"WebPage\",\"@id\":\"https:\/\/gruppomontenegro.com\/de\/sergio-fava-neuer-geschaeftsfuehrer-von-gruppo-montenegro\/\",\"url\":\"https:\/\/gruppomontenegro.com\/de\/sergio-fava-neuer-geschaeftsfuehrer-von-gruppo-montenegro\/\",\"name\":\"Sergio Fava neuer Gesch\u00e4ftsf\u00fchrer von Gruppo Montenegro | Gruppo Montenegro\",\"isPartOf\":{\"@id\":\"https:\/\/gruppomontenegro.com\/de\/#website\"},\"primaryImageOfPage\":{\"@id\":\"https:\/\/gruppomontenegro.com\/de\/sergio-fava-neuer-geschaeftsfuehrer-von-gruppo-montenegro\/#primaryimage\"},\"image\":{\"@id\":\"https:\/\/gruppomontenegro.com\/de\/sergio-fava-neuer-geschaeftsfuehrer-von-gruppo-montenegro\/#primaryimage\"},\"thumbnailUrl\":\"https:\/\/gruppomontenegro.com\/wp-content\/uploads\/2023\/07\/cover-cs5.jpg\",\"datePublished\":\"2023-07-20T16:03:51+00:00\",\"dateModified\":\"2023-07-25T14:50:12+00:00\",\"description\":\"Sergio Fava ist neuer CEO von Gruppo Montenegro. Er trat das Amt am 19. Juli an und l\u00f6ste Marco Ferrari ab, der das Unternehmen verl\u00e4sst, um sich neuen Herausforderungen zu stellen.\",\"breadcrumb\":{\"@id\":\"https:\/\/gruppomontenegro.com\/de\/sergio-fava-neuer-geschaeftsfuehrer-von-gruppo-montenegro\/#breadcrumb\"},\"inLanguage\":\"de-DE\",\"potentialAction\":[{\"@type\":\"ReadAction\",\"target\":[\"https:\/\/gruppomontenegro.com\/de\/sergio-fava-neuer-geschaeftsfuehrer-von-gruppo-montenegro\/\"]}]},{\"@type\":\"ImageObject\",\"inLanguage\":\"de-DE\",\"@id\":\"https:\/\/gruppomontenegro.com\/de\/sergio-fava-neuer-geschaeftsfuehrer-von-gruppo-montenegro\/#primaryimage\",\"url\":\"https:\/\/gruppomontenegro.com\/wp-content\/uploads\/2023\/07\/cover-cs5.jpg\",\"contentUrl\":\"https:\/\/gruppomontenegro.com\/wp-content\/uploads\/2023\/07\/cover-cs5.jpg\",\"width\":1200,\"height\":550},{\"@type\":\"BreadcrumbList\",\"@id\":\"https:\/\/gruppomontenegro.com\/de\/sergio-fava-neuer-geschaeftsfuehrer-von-gruppo-montenegro\/#breadcrumb\",\"itemListElement\":[{\"@type\":\"ListItem\",\"position\":1,\"name\":\"Home\",\"item\":\"https:\/\/gruppomontenegro.com\/de\/\"},{\"@type\":\"ListItem\",\"position\":2,\"name\":\"Sergio Fava neuer Gesch\u00e4ftsf\u00fchrer von Gruppo Montenegro\"}]},{\"@type\":\"WebSite\",\"@id\":\"https:\/\/gruppomontenegro.com\/de\/#website\",\"url\":\"https:\/\/gruppomontenegro.com\/de\/\",\"name\":\"Gruppo Montenegro\",\"description\":\"\",\"publisher\":{\"@id\":\"https:\/\/gruppomontenegro.com\/de\/#organization\"},\"potentialAction\":[{\"@type\":\"SearchAction\",\"target\":{\"@type\":\"EntryPoint\",\"urlTemplate\":\"https:\/\/gruppomontenegro.com\/de\/?s={search_term_string}\"},\"query-input\":{\"@type\":\"PropertyValueSpecification\",\"valueRequired\":true,\"valueName\":\"search_term_string\"}}],\"inLanguage\":\"de-DE\"},{\"@type\":\"Organization\",\"@id\":\"https:\/\/gruppomontenegro.com\/de\/#organization\",\"name\":\"Gruppo Montenegro\",\"url\":\"https:\/\/gruppomontenegro.com\/de\/\",\"logo\":{\"@type\":\"ImageObject\",\"inLanguage\":\"de-DE\",\"@id\":\"https:\/\/gruppomontenegro.com\/de\/#\/schema\/logo\/image\/\",\"url\":\"https:\/\/gruppomontenegro.com\/wp-content\/uploads\/2022\/12\/logo-montenegro.jpg\",\"contentUrl\":\"https:\/\/gruppomontenegro.com\/wp-content\/uploads\/2022\/12\/logo-montenegro.jpg\",\"width\":300,\"height\":200,\"caption\":\"Gruppo Montenegro\"},\"image\":{\"@id\":\"https:\/\/gruppomontenegro.com\/de\/#\/schema\/logo\/image\/\"}},{\"@type\":\"Person\",\"@id\":\"https:\/\/gruppomontenegro.com\/de\/#\/schema\/person\/aedfed4a2fb3057e1c1b0d95200ef5c7\",\"name\":\"monica@\"}]}<\/script>\n<!-- \/ Yoast SEO plugin. -->","yoast_head_json":{"title":"Sergio Fava neuer Gesch\u00e4ftsf\u00fchrer von Gruppo Montenegro | Gruppo Montenegro","description":"Sergio Fava ist neuer CEO von Gruppo Montenegro. Er trat das Amt am 19. Juli an und l\u00f6ste Marco Ferrari ab, der das Unternehmen verl\u00e4sst, um sich neuen Herausforderungen zu stellen.","robots":{"index":"index","follow":"follow","max-snippet":"max-snippet:-1","max-image-preview":"max-image-preview:large","max-video-preview":"max-video-preview:-1"},"canonical":"https:\/\/gruppomontenegro.com\/de\/sergio-fava-neuer-geschaeftsfuehrer-von-gruppo-montenegro\/","og_locale":"de_DE","og_type":"article","og_title":"Sergio Fava neuer Gesch\u00e4ftsf\u00fchrer von Gruppo Montenegro | Gruppo Montenegro","og_description":"Sergio Fava ist neuer CEO von Gruppo Montenegro. Er trat das Amt am 19. Juli an und l\u00f6ste Marco Ferrari ab, der das Unternehmen verl\u00e4sst, um sich neuen Herausforderungen zu stellen.","og_url":"https:\/\/gruppomontenegro.com\/de\/sergio-fava-neuer-geschaeftsfuehrer-von-gruppo-montenegro\/","og_site_name":"Gruppo Montenegro","article_published_time":"2023-07-20T16:03:51+00:00","article_modified_time":"2023-07-25T14:50:12+00:00","og_image":[{"width":1200,"height":550,"url":"https:\/\/gruppomontenegro.com\/wp-content\/uploads\/2023\/07\/cover-cs5.jpg","type":"image\/jpeg"}],"author":"monica@","twitter_card":"summary_large_image","schema":{"@context":"https:\/\/schema.org","@graph":[{"@type":["Article","BlogPosting"],"@id":"https:\/\/gruppomontenegro.com\/de\/sergio-fava-neuer-geschaeftsfuehrer-von-gruppo-montenegro\/#article","isPartOf":{"@id":"https:\/\/gruppomontenegro.com\/de\/sergio-fava-neuer-geschaeftsfuehrer-von-gruppo-montenegro\/"},"author":{"name":"monica@","@id":"https:\/\/gruppomontenegro.com\/de\/#\/schema\/person\/aedfed4a2fb3057e1c1b0d95200ef5c7"},"headline":"Sergio Fava neuer Gesch\u00e4ftsf\u00fchrer von Gruppo Montenegro","datePublished":"2023-07-20T16:03:51+00:00","dateModified":"2023-07-25T14:50:12+00:00","mainEntityOfPage":{"@id":"https:\/\/gruppomontenegro.com\/de\/sergio-fava-neuer-geschaeftsfuehrer-von-gruppo-montenegro\/"},"wordCount":1473,"publisher":{"@id":"https:\/\/gruppomontenegro.com\/de\/#organization"},"image":{"@id":"https:\/\/gruppomontenegro.com\/de\/sergio-fava-neuer-geschaeftsfuehrer-von-gruppo-montenegro\/#primaryimage"},"thumbnailUrl":"https:\/\/gruppomontenegro.com\/wp-content\/uploads\/2023\/07\/cover-cs5.jpg","inLanguage":"de-DE"},{"@type":"WebPage","@id":"https:\/\/gruppomontenegro.com\/de\/sergio-fava-neuer-geschaeftsfuehrer-von-gruppo-montenegro\/","url":"https:\/\/gruppomontenegro.com\/de\/sergio-fava-neuer-geschaeftsfuehrer-von-gruppo-montenegro\/","name":"Sergio Fava neuer Gesch\u00e4ftsf\u00fchrer von Gruppo Montenegro | Gruppo Montenegro","isPartOf":{"@id":"https:\/\/gruppomontenegro.com\/de\/#website"},"primaryImageOfPage":{"@id":"https:\/\/gruppomontenegro.com\/de\/sergio-fava-neuer-geschaeftsfuehrer-von-gruppo-montenegro\/#primaryimage"},"image":{"@id":"https:\/\/gruppomontenegro.com\/de\/sergio-fava-neuer-geschaeftsfuehrer-von-gruppo-montenegro\/#primaryimage"},"thumbnailUrl":"https:\/\/gruppomontenegro.com\/wp-content\/uploads\/2023\/07\/cover-cs5.jpg","datePublished":"2023-07-20T16:03:51+00:00","dateModified":"2023-07-25T14:50:12+00:00","description":"Sergio Fava ist neuer CEO von Gruppo Montenegro. Er trat das Amt am 19. Juli an und l\u00f6ste Marco Ferrari ab, der das Unternehmen verl\u00e4sst, um sich neuen Herausforderungen zu stellen.","breadcrumb":{"@id":"https:\/\/gruppomontenegro.com\/de\/sergio-fava-neuer-geschaeftsfuehrer-von-gruppo-montenegro\/#breadcrumb"},"inLanguage":"de-DE","potentialAction":[{"@type":"ReadAction","target":["https:\/\/gruppomontenegro.com\/de\/sergio-fava-neuer-geschaeftsfuehrer-von-gruppo-montenegro\/"]}]},{"@type":"ImageObject","inLanguage":"de-DE","@id":"https:\/\/gruppomontenegro.com\/de\/sergio-fava-neuer-geschaeftsfuehrer-von-gruppo-montenegro\/#primaryimage","url":"https:\/\/gruppomontenegro.com\/wp-content\/uploads\/2023\/07\/cover-cs5.jpg","contentUrl":"https:\/\/gruppomontenegro.com\/wp-content\/uploads\/2023\/07\/cover-cs5.jpg","width":1200,"height":550},{"@type":"BreadcrumbList","@id":"https:\/\/gruppomontenegro.com\/de\/sergio-fava-neuer-geschaeftsfuehrer-von-gruppo-montenegro\/#breadcrumb","itemListElement":[{"@type":"ListItem","position":1,"name":"Home","item":"https:\/\/gruppomontenegro.com\/de\/"},{"@type":"ListItem","position":2,"name":"Sergio Fava neuer Gesch\u00e4ftsf\u00fchrer von Gruppo Montenegro"}]},{"@type":"WebSite","@id":"https:\/\/gruppomontenegro.com\/de\/#website","url":"https:\/\/gruppomontenegro.com\/de\/","name":"Gruppo Montenegro","description":"","publisher":{"@id":"https:\/\/gruppomontenegro.com\/de\/#organization"},"potentialAction":[{"@type":"SearchAction","target":{"@type":"EntryPoint","urlTemplate":"https:\/\/gruppomontenegro.com\/de\/?s={search_term_string}"},"query-input":{"@type":"PropertyValueSpecification","valueRequired":true,"valueName":"search_term_string"}}],"inLanguage":"de-DE"},{"@type":"Organization","@id":"https:\/\/gruppomontenegro.com\/de\/#organization","name":"Gruppo Montenegro","url":"https:\/\/gruppomontenegro.com\/de\/","logo":{"@type":"ImageObject","inLanguage":"de-DE","@id":"https:\/\/gruppomontenegro.com\/de\/#\/schema\/logo\/image\/","url":"https:\/\/gruppomontenegro.com\/wp-content\/uploads\/2022\/12\/logo-montenegro.jpg","contentUrl":"https:\/\/gruppomontenegro.com\/wp-content\/uploads\/2022\/12\/logo-montenegro.jpg","width":300,"height":200,"caption":"Gruppo Montenegro"},"image":{"@id":"https:\/\/gruppomontenegro.com\/de\/#\/schema\/logo\/image\/"}},{"@type":"Person","@id":"https:\/\/gruppomontenegro.com\/de\/#\/schema\/person\/aedfed4a2fb3057e1c1b0d95200ef5c7","name":"monica@"}]}},"_links":{"self":[{"href":"https:\/\/gruppomontenegro.com\/de\/wp-json\/wp\/v2\/posts\/7307","targetHints":{"allow":["GET"]}}],"collection":[{"href":"https:\/\/gruppomontenegro.com\/de\/wp-json\/wp\/v2\/posts"}],"about":[{"href":"https:\/\/gruppomontenegro.com\/de\/wp-json\/wp\/v2\/types\/post"}],"author":[{"embeddable":true,"href":"https:\/\/gruppomontenegro.com\/de\/wp-json\/wp\/v2\/users\/7"}],"replies":[{"embeddable":true,"href":"https:\/\/gruppomontenegro.com\/de\/wp-json\/wp\/v2\/comments?post=7307"}],"version-history":[{"count":9,"href":"https:\/\/gruppomontenegro.com\/de\/wp-json\/wp\/v2\/posts\/7307\/revisions"}],"predecessor-version":[{"id":7369,"href":"https:\/\/gruppomontenegro.com\/de\/wp-json\/wp\/v2\/posts\/7307\/revisions\/7369"}],"wp:featuredmedia":[{"embeddable":true,"href":"https:\/\/gruppomontenegro.com\/de\/wp-json\/wp\/v2\/media\/7331"}],"wp:attachment":[{"href":"https:\/\/gruppomontenegro.com\/de\/wp-json\/wp\/v2\/media?parent=7307"}],"wp:term":[{"taxonomy":"post_tag","embeddable":true,"href":"https:\/\/gruppomontenegro.com\/de\/wp-json\/wp\/v2\/tags?post=7307"},{"taxonomy":"categoria-notizia","embeddable":true,"href":"https:\/\/gruppomontenegro.com\/de\/wp-json\/wp\/v2\/categoria-notizia?post=7307"}],"curies":[{"name":"wp","href":"https:\/\/api.w.org\/{rel}","templated":true}]}}