{"id":7287,"date":"2023-07-12T16:45:21","date_gmt":"2023-07-12T14:45:21","guid":{"rendered":"https:\/\/gruppomontenegro.com\/?p=7287"},"modified":"2023-07-12T16:47:10","modified_gmt":"2023-07-12T14:47:10","slug":"bestaendig-an-der-seite-der-emilia-romagna","status":"publish","type":"post","link":"https:\/\/gruppomontenegro.com\/de\/bestaendig-an-der-seite-der-emilia-romagna\/","title":{"rendered":"Best\u00e4ndig an der Seite der Emilia-Romagna"},"content":{"rendered":"<div class=\"fusion-fullwidth fullwidth-box fusion-builder-row-1 fusion-flex-container has-pattern-background has-mask-background nonhundred-percent-fullwidth non-hundred-percent-height-scrolling\" style=\"--awb-border-radius-top-left:0px;--awb-border-radius-top-right:0px;--awb-border-radius-bottom-right:0px;--awb-border-radius-bottom-left:0px;--awb-flex-wrap:wrap;\" ><div class=\"fusion-builder-row fusion-row fusion-flex-align-items-flex-start fusion-flex-content-wrap\" style=\"max-width:1248px;margin-left: calc(-4% \/ 2 );margin-right: calc(-4% \/ 2 );\"><div class=\"fusion-layout-column fusion_builder_column fusion-builder-column-0 fusion_builder_column_1_1 1_1 fusion-flex-column\" style=\"--awb-bg-size:cover;--awb-width-large:100%;--awb-margin-top-large:0px;--awb-spacing-right-large:1.92%;--awb-margin-bottom-large:20px;--awb-spacing-left-large:1.92%;--awb-width-medium:100%;--awb-order-medium:0;--awb-spacing-right-medium:1.92%;--awb-spacing-left-medium:1.92%;--awb-width-small:100%;--awb-order-small:0;--awb-spacing-right-small:1.92%;--awb-spacing-left-small:1.92%;\"><div class=\"fusion-column-wrapper fusion-column-has-shadow fusion-flex-justify-content-flex-start fusion-content-layout-column\"><div class=\"fusion-text fusion-text-1\"><p>Die Unterst\u00fctzung der Emilia-Romagna, der Heimat unserer Gruppe, geht weiter.<\/p>\n<p>Nach den Spenden an die Gemeinden von San Lazzaro di Savena und Ozzano dell\u2019Emilia und an die @RegioneEmiliaRomagna durch das Konzert \u201cOltrelenuvole\u201d sind es nun unsere Produkte der Marken Bonomelli, Cuore und Cannamela, die die betroffene Bev\u00f6lkerung erreichen werden.<\/p>\n<p>\u00dcber 20 Paletten wurden der Caritas gespendet, die sie als konkrete Hilfsma\u00dfnahme \u00fcber das Gebiet verteilen wird.<\/p>\n<p>Wir sind stolz darauf, den Institutionen und den lokalen Gemeinden, in denen wir mit unseren Mitarbeitern und Anlagen t\u00e4tig sind, Anteilnahme und Unterst\u00fctzung zukommen lassen zu k\u00f6nnen, denn unsere Art, ein Unternehmen zu sehen und zu f\u00fchren, liegt in der gemeinsamen Wertsch\u00f6pfung mit unseren wichtigsten Stakeholdern.<\/p>\n<\/div><div class=\"fusion-image-element \" style=\"--awb-caption-title-font-family:var(--h2_typography-font-family);--awb-caption-title-font-weight:var(--h2_typography-font-weight);--awb-caption-title-font-style:var(--h2_typography-font-style);--awb-caption-title-size:var(--h2_typography-font-size);--awb-caption-title-transform:var(--h2_typography-text-transform);--awb-caption-title-line-height:var(--h2_typography-line-height);--awb-caption-title-letter-spacing:var(--h2_typography-letter-spacing);\"><span class=\" fusion-imageframe imageframe-none imageframe-1 hover-type-none\"><img decoding=\"async\" width=\"700\" height=\"550\" title=\"sempre-vicini-emilia-romagna-caritas\" src=\"https:\/\/gruppomontenegro.com\/wp-content\/uploads\/2023\/07\/sempre-vicini-emilia-romagna-caritas.jpg\" alt class=\"img-responsive wp-image-7281\" srcset=\"https:\/\/gruppomontenegro.com\/wp-content\/uploads\/2023\/07\/sempre-vicini-emilia-romagna-caritas-200x157.jpg 200w, https:\/\/gruppomontenegro.com\/wp-content\/uploads\/2023\/07\/sempre-vicini-emilia-romagna-caritas-400x314.jpg 400w, https:\/\/gruppomontenegro.com\/wp-content\/uploads\/2023\/07\/sempre-vicini-emilia-romagna-caritas-600x471.jpg 600w, https:\/\/gruppomontenegro.com\/wp-content\/uploads\/2023\/07\/sempre-vicini-emilia-romagna-caritas.jpg 700w\" sizes=\"(max-width: 640px) 100vw, 700px\" \/><\/span><\/div><\/div><\/div><\/div><\/div>\n","protected":false},"excerpt":{"rendered":"<p>Die Unterst\u00fctzung der Emilia-Romagna, der Heimat unserer Gruppe, geht weiter. Nach den Spenden an die Gemeinden von San Lazzaro di Savena und Ozzano dell\u2019Emilia und an die @RegioneEmiliaRomagna durch das Konzert \u201cOltrelenuvole\u201d sind es nun unsere Produkte der Marken Bonomelli, Cuore und Cannamela, die die betroffene Bev\u00f6lkerung erreichen werden.<\/p>\n","protected":false},"author":7,"featured_media":7284,"comment_status":"closed","ping_status":"closed","sticky":false,"template":"","format":"standard","meta":{"footnotes":""},"tags":[],"categoria-notizia":[89,104],"class_list":["post-7287","post","type-post","status-publish","format-standard","has-post-thumbnail","hentry","categoria-notizia-die-gruppe","categoria-notizia-people-de"],"yoast_head":"<!-- This site is optimized with the Yoast SEO plugin v27.1.1 - https:\/\/yoast.com\/product\/yoast-seo-wordpress\/ -->\n<title>Best\u00e4ndig an der Seite der Emilia-Romagna | Gruppo Montenegro<\/title>\n<meta name=\"description\" content=\"Die Unterst\u00fctzung der Emilia-Romagna, der Heimat unserer Gruppe, geht weiter. Nach den Spenden an die Gemeinden von San Lazzaro di Savena und Ozzano dell\u2019Emilia und an die @RegioneEmiliaRomagna durch das Konzert \u201cOltrelenuvole\u201d sind es nun unsere Produkte der Marken Bonomelli, Cuore und Cannamela, die die betroffene Bev\u00f6lkerung erreichen werden.\" \/>\n<meta name=\"robots\" content=\"index, follow, max-snippet:-1, max-image-preview:large, max-video-preview:-1\" \/>\n<link rel=\"canonical\" href=\"https:\/\/gruppomontenegro.com\/de\/bestaendig-an-der-seite-der-emilia-romagna\/\" \/>\n<meta property=\"og:locale\" content=\"de_DE\" \/>\n<meta property=\"og:type\" content=\"article\" \/>\n<meta property=\"og:title\" content=\"Best\u00e4ndig an der Seite der Emilia-Romagna | Gruppo Montenegro\" \/>\n<meta property=\"og:description\" content=\"Die Unterst\u00fctzung der Emilia-Romagna, der Heimat unserer Gruppe, geht weiter. Nach den Spenden an die Gemeinden von San Lazzaro di Savena und Ozzano dell\u2019Emilia und an die @RegioneEmiliaRomagna durch das Konzert \u201cOltrelenuvole\u201d sind es nun unsere Produkte der Marken Bonomelli, Cuore und Cannamela, die die betroffene Bev\u00f6lkerung erreichen werden.\" \/>\n<meta property=\"og:url\" content=\"https:\/\/gruppomontenegro.com\/de\/bestaendig-an-der-seite-der-emilia-romagna\/\" \/>\n<meta property=\"og:site_name\" content=\"Gruppo Montenegro\" \/>\n<meta property=\"article:published_time\" content=\"2023-07-12T14:45:21+00:00\" \/>\n<meta property=\"article:modified_time\" content=\"2023-07-12T14:47:10+00:00\" \/>\n<meta property=\"og:image\" content=\"https:\/\/gruppomontenegro.com\/wp-content\/uploads\/2023\/07\/sempre-vicini-emilia-romagna-caritas_banner.jpg\" \/>\n\t<meta property=\"og:image:width\" content=\"1920\" \/>\n\t<meta property=\"og:image:height\" content=\"880\" \/>\n\t<meta property=\"og:image:type\" content=\"image\/jpeg\" \/>\n<meta name=\"author\" content=\"monica@\" \/>\n<meta name=\"twitter:card\" content=\"summary_large_image\" \/>\n<script type=\"application\/ld+json\" class=\"yoast-schema-graph\">{\"@context\":\"https:\/\/schema.org\",\"@graph\":[{\"@type\":[\"Article\",\"BlogPosting\"],\"@id\":\"https:\/\/gruppomontenegro.com\/de\/bestaendig-an-der-seite-der-emilia-romagna\/#article\",\"isPartOf\":{\"@id\":\"https:\/\/gruppomontenegro.com\/de\/bestaendig-an-der-seite-der-emilia-romagna\/\"},\"author\":{\"name\":\"monica@\",\"@id\":\"https:\/\/gruppomontenegro.com\/de\/#\/schema\/person\/aedfed4a2fb3057e1c1b0d95200ef5c7\"},\"headline\":\"Best\u00e4ndig an der Seite der Emilia-Romagna\",\"datePublished\":\"2023-07-12T14:45:21+00:00\",\"dateModified\":\"2023-07-12T14:47:10+00:00\",\"mainEntityOfPage\":{\"@id\":\"https:\/\/gruppomontenegro.com\/de\/bestaendig-an-der-seite-der-emilia-romagna\/\"},\"wordCount\":1218,\"publisher\":{\"@id\":\"https:\/\/gruppomontenegro.com\/de\/#organization\"},\"image\":{\"@id\":\"https:\/\/gruppomontenegro.com\/de\/bestaendig-an-der-seite-der-emilia-romagna\/#primaryimage\"},\"thumbnailUrl\":\"https:\/\/gruppomontenegro.com\/wp-content\/uploads\/2023\/07\/sempre-vicini-emilia-romagna-caritas_banner.jpg\",\"inLanguage\":\"de-DE\"},{\"@type\":\"WebPage\",\"@id\":\"https:\/\/gruppomontenegro.com\/de\/bestaendig-an-der-seite-der-emilia-romagna\/\",\"url\":\"https:\/\/gruppomontenegro.com\/de\/bestaendig-an-der-seite-der-emilia-romagna\/\",\"name\":\"Best\u00e4ndig an der Seite der Emilia-Romagna | Gruppo Montenegro\",\"isPartOf\":{\"@id\":\"https:\/\/gruppomontenegro.com\/de\/#website\"},\"primaryImageOfPage\":{\"@id\":\"https:\/\/gruppomontenegro.com\/de\/bestaendig-an-der-seite-der-emilia-romagna\/#primaryimage\"},\"image\":{\"@id\":\"https:\/\/gruppomontenegro.com\/de\/bestaendig-an-der-seite-der-emilia-romagna\/#primaryimage\"},\"thumbnailUrl\":\"https:\/\/gruppomontenegro.com\/wp-content\/uploads\/2023\/07\/sempre-vicini-emilia-romagna-caritas_banner.jpg\",\"datePublished\":\"2023-07-12T14:45:21+00:00\",\"dateModified\":\"2023-07-12T14:47:10+00:00\",\"description\":\"Die Unterst\u00fctzung der Emilia-Romagna, der Heimat unserer Gruppe, geht weiter. Nach den Spenden an die Gemeinden von San Lazzaro di Savena und Ozzano dell\u2019Emilia und an die @RegioneEmiliaRomagna durch das Konzert \u201cOltrelenuvole\u201d sind es nun unsere Produkte der Marken Bonomelli, Cuore und Cannamela, die die betroffene Bev\u00f6lkerung erreichen werden.\",\"breadcrumb\":{\"@id\":\"https:\/\/gruppomontenegro.com\/de\/bestaendig-an-der-seite-der-emilia-romagna\/#breadcrumb\"},\"inLanguage\":\"de-DE\",\"potentialAction\":[{\"@type\":\"ReadAction\",\"target\":[\"https:\/\/gruppomontenegro.com\/de\/bestaendig-an-der-seite-der-emilia-romagna\/\"]}]},{\"@type\":\"ImageObject\",\"inLanguage\":\"de-DE\",\"@id\":\"https:\/\/gruppomontenegro.com\/de\/bestaendig-an-der-seite-der-emilia-romagna\/#primaryimage\",\"url\":\"https:\/\/gruppomontenegro.com\/wp-content\/uploads\/2023\/07\/sempre-vicini-emilia-romagna-caritas_banner.jpg\",\"contentUrl\":\"https:\/\/gruppomontenegro.com\/wp-content\/uploads\/2023\/07\/sempre-vicini-emilia-romagna-caritas_banner.jpg\",\"width\":1920,\"height\":880},{\"@type\":\"BreadcrumbList\",\"@id\":\"https:\/\/gruppomontenegro.com\/de\/bestaendig-an-der-seite-der-emilia-romagna\/#breadcrumb\",\"itemListElement\":[{\"@type\":\"ListItem\",\"position\":1,\"name\":\"Home\",\"item\":\"https:\/\/gruppomontenegro.com\/de\/\"},{\"@type\":\"ListItem\",\"position\":2,\"name\":\"Best\u00e4ndig an der Seite der Emilia-Romagna\"}]},{\"@type\":\"WebSite\",\"@id\":\"https:\/\/gruppomontenegro.com\/de\/#website\",\"url\":\"https:\/\/gruppomontenegro.com\/de\/\",\"name\":\"Gruppo Montenegro\",\"description\":\"\",\"publisher\":{\"@id\":\"https:\/\/gruppomontenegro.com\/de\/#organization\"},\"potentialAction\":[{\"@type\":\"SearchAction\",\"target\":{\"@type\":\"EntryPoint\",\"urlTemplate\":\"https:\/\/gruppomontenegro.com\/de\/?s={search_term_string}\"},\"query-input\":{\"@type\":\"PropertyValueSpecification\",\"valueRequired\":true,\"valueName\":\"search_term_string\"}}],\"inLanguage\":\"de-DE\"},{\"@type\":\"Organization\",\"@id\":\"https:\/\/gruppomontenegro.com\/de\/#organization\",\"name\":\"Gruppo Montenegro\",\"url\":\"https:\/\/gruppomontenegro.com\/de\/\",\"logo\":{\"@type\":\"ImageObject\",\"inLanguage\":\"de-DE\",\"@id\":\"https:\/\/gruppomontenegro.com\/de\/#\/schema\/logo\/image\/\",\"url\":\"https:\/\/gruppomontenegro.com\/wp-content\/uploads\/2022\/12\/logo-montenegro.jpg\",\"contentUrl\":\"https:\/\/gruppomontenegro.com\/wp-content\/uploads\/2022\/12\/logo-montenegro.jpg\",\"width\":300,\"height\":200,\"caption\":\"Gruppo Montenegro\"},\"image\":{\"@id\":\"https:\/\/gruppomontenegro.com\/de\/#\/schema\/logo\/image\/\"}},{\"@type\":\"Person\",\"@id\":\"https:\/\/gruppomontenegro.com\/de\/#\/schema\/person\/aedfed4a2fb3057e1c1b0d95200ef5c7\",\"name\":\"monica@\"}]}<\/script>\n<!-- \/ Yoast SEO plugin. -->","yoast_head_json":{"title":"Best\u00e4ndig an der Seite der Emilia-Romagna | Gruppo Montenegro","description":"Die Unterst\u00fctzung der Emilia-Romagna, der Heimat unserer Gruppe, geht weiter. Nach den Spenden an die Gemeinden von San Lazzaro di Savena und Ozzano dell\u2019Emilia und an die @RegioneEmiliaRomagna durch das Konzert \u201cOltrelenuvole\u201d sind es nun unsere Produkte der Marken Bonomelli, Cuore und Cannamela, die die betroffene Bev\u00f6lkerung erreichen werden.","robots":{"index":"index","follow":"follow","max-snippet":"max-snippet:-1","max-image-preview":"max-image-preview:large","max-video-preview":"max-video-preview:-1"},"canonical":"https:\/\/gruppomontenegro.com\/de\/bestaendig-an-der-seite-der-emilia-romagna\/","og_locale":"de_DE","og_type":"article","og_title":"Best\u00e4ndig an der Seite der Emilia-Romagna | Gruppo Montenegro","og_description":"Die Unterst\u00fctzung der Emilia-Romagna, der Heimat unserer Gruppe, geht weiter. Nach den Spenden an die Gemeinden von San Lazzaro di Savena und Ozzano dell\u2019Emilia und an die @RegioneEmiliaRomagna durch das Konzert \u201cOltrelenuvole\u201d sind es nun unsere Produkte der Marken Bonomelli, Cuore und Cannamela, die die betroffene Bev\u00f6lkerung erreichen werden.","og_url":"https:\/\/gruppomontenegro.com\/de\/bestaendig-an-der-seite-der-emilia-romagna\/","og_site_name":"Gruppo Montenegro","article_published_time":"2023-07-12T14:45:21+00:00","article_modified_time":"2023-07-12T14:47:10+00:00","og_image":[{"width":1920,"height":880,"url":"https:\/\/gruppomontenegro.com\/wp-content\/uploads\/2023\/07\/sempre-vicini-emilia-romagna-caritas_banner.jpg","type":"image\/jpeg"}],"author":"monica@","twitter_card":"summary_large_image","schema":{"@context":"https:\/\/schema.org","@graph":[{"@type":["Article","BlogPosting"],"@id":"https:\/\/gruppomontenegro.com\/de\/bestaendig-an-der-seite-der-emilia-romagna\/#article","isPartOf":{"@id":"https:\/\/gruppomontenegro.com\/de\/bestaendig-an-der-seite-der-emilia-romagna\/"},"author":{"name":"monica@","@id":"https:\/\/gruppomontenegro.com\/de\/#\/schema\/person\/aedfed4a2fb3057e1c1b0d95200ef5c7"},"headline":"Best\u00e4ndig an der Seite der Emilia-Romagna","datePublished":"2023-07-12T14:45:21+00:00","dateModified":"2023-07-12T14:47:10+00:00","mainEntityOfPage":{"@id":"https:\/\/gruppomontenegro.com\/de\/bestaendig-an-der-seite-der-emilia-romagna\/"},"wordCount":1218,"publisher":{"@id":"https:\/\/gruppomontenegro.com\/de\/#organization"},"image":{"@id":"https:\/\/gruppomontenegro.com\/de\/bestaendig-an-der-seite-der-emilia-romagna\/#primaryimage"},"thumbnailUrl":"https:\/\/gruppomontenegro.com\/wp-content\/uploads\/2023\/07\/sempre-vicini-emilia-romagna-caritas_banner.jpg","inLanguage":"de-DE"},{"@type":"WebPage","@id":"https:\/\/gruppomontenegro.com\/de\/bestaendig-an-der-seite-der-emilia-romagna\/","url":"https:\/\/gruppomontenegro.com\/de\/bestaendig-an-der-seite-der-emilia-romagna\/","name":"Best\u00e4ndig an der Seite der Emilia-Romagna | Gruppo Montenegro","isPartOf":{"@id":"https:\/\/gruppomontenegro.com\/de\/#website"},"primaryImageOfPage":{"@id":"https:\/\/gruppomontenegro.com\/de\/bestaendig-an-der-seite-der-emilia-romagna\/#primaryimage"},"image":{"@id":"https:\/\/gruppomontenegro.com\/de\/bestaendig-an-der-seite-der-emilia-romagna\/#primaryimage"},"thumbnailUrl":"https:\/\/gruppomontenegro.com\/wp-content\/uploads\/2023\/07\/sempre-vicini-emilia-romagna-caritas_banner.jpg","datePublished":"2023-07-12T14:45:21+00:00","dateModified":"2023-07-12T14:47:10+00:00","description":"Die Unterst\u00fctzung der Emilia-Romagna, der Heimat unserer Gruppe, geht weiter. Nach den Spenden an die Gemeinden von San Lazzaro di Savena und Ozzano dell\u2019Emilia und an die @RegioneEmiliaRomagna durch das Konzert \u201cOltrelenuvole\u201d sind es nun unsere Produkte der Marken Bonomelli, Cuore und Cannamela, die die betroffene Bev\u00f6lkerung erreichen werden.","breadcrumb":{"@id":"https:\/\/gruppomontenegro.com\/de\/bestaendig-an-der-seite-der-emilia-romagna\/#breadcrumb"},"inLanguage":"de-DE","potentialAction":[{"@type":"ReadAction","target":["https:\/\/gruppomontenegro.com\/de\/bestaendig-an-der-seite-der-emilia-romagna\/"]}]},{"@type":"ImageObject","inLanguage":"de-DE","@id":"https:\/\/gruppomontenegro.com\/de\/bestaendig-an-der-seite-der-emilia-romagna\/#primaryimage","url":"https:\/\/gruppomontenegro.com\/wp-content\/uploads\/2023\/07\/sempre-vicini-emilia-romagna-caritas_banner.jpg","contentUrl":"https:\/\/gruppomontenegro.com\/wp-content\/uploads\/2023\/07\/sempre-vicini-emilia-romagna-caritas_banner.jpg","width":1920,"height":880},{"@type":"BreadcrumbList","@id":"https:\/\/gruppomontenegro.com\/de\/bestaendig-an-der-seite-der-emilia-romagna\/#breadcrumb","itemListElement":[{"@type":"ListItem","position":1,"name":"Home","item":"https:\/\/gruppomontenegro.com\/de\/"},{"@type":"ListItem","position":2,"name":"Best\u00e4ndig an der Seite der Emilia-Romagna"}]},{"@type":"WebSite","@id":"https:\/\/gruppomontenegro.com\/de\/#website","url":"https:\/\/gruppomontenegro.com\/de\/","name":"Gruppo Montenegro","description":"","publisher":{"@id":"https:\/\/gruppomontenegro.com\/de\/#organization"},"potentialAction":[{"@type":"SearchAction","target":{"@type":"EntryPoint","urlTemplate":"https:\/\/gruppomontenegro.com\/de\/?s={search_term_string}"},"query-input":{"@type":"PropertyValueSpecification","valueRequired":true,"valueName":"search_term_string"}}],"inLanguage":"de-DE"},{"@type":"Organization","@id":"https:\/\/gruppomontenegro.com\/de\/#organization","name":"Gruppo Montenegro","url":"https:\/\/gruppomontenegro.com\/de\/","logo":{"@type":"ImageObject","inLanguage":"de-DE","@id":"https:\/\/gruppomontenegro.com\/de\/#\/schema\/logo\/image\/","url":"https:\/\/gruppomontenegro.com\/wp-content\/uploads\/2022\/12\/logo-montenegro.jpg","contentUrl":"https:\/\/gruppomontenegro.com\/wp-content\/uploads\/2022\/12\/logo-montenegro.jpg","width":300,"height":200,"caption":"Gruppo Montenegro"},"image":{"@id":"https:\/\/gruppomontenegro.com\/de\/#\/schema\/logo\/image\/"}},{"@type":"Person","@id":"https:\/\/gruppomontenegro.com\/de\/#\/schema\/person\/aedfed4a2fb3057e1c1b0d95200ef5c7","name":"monica@"}]}},"_links":{"self":[{"href":"https:\/\/gruppomontenegro.com\/de\/wp-json\/wp\/v2\/posts\/7287","targetHints":{"allow":["GET"]}}],"collection":[{"href":"https:\/\/gruppomontenegro.com\/de\/wp-json\/wp\/v2\/posts"}],"about":[{"href":"https:\/\/gruppomontenegro.com\/de\/wp-json\/wp\/v2\/types\/post"}],"author":[{"embeddable":true,"href":"https:\/\/gruppomontenegro.com\/de\/wp-json\/wp\/v2\/users\/7"}],"replies":[{"embeddable":true,"href":"https:\/\/gruppomontenegro.com\/de\/wp-json\/wp\/v2\/comments?post=7287"}],"version-history":[{"count":1,"href":"https:\/\/gruppomontenegro.com\/de\/wp-json\/wp\/v2\/posts\/7287\/revisions"}],"predecessor-version":[{"id":7289,"href":"https:\/\/gruppomontenegro.com\/de\/wp-json\/wp\/v2\/posts\/7287\/revisions\/7289"}],"wp:featuredmedia":[{"embeddable":true,"href":"https:\/\/gruppomontenegro.com\/de\/wp-json\/wp\/v2\/media\/7284"}],"wp:attachment":[{"href":"https:\/\/gruppomontenegro.com\/de\/wp-json\/wp\/v2\/media?parent=7287"}],"wp:term":[{"taxonomy":"post_tag","embeddable":true,"href":"https:\/\/gruppomontenegro.com\/de\/wp-json\/wp\/v2\/tags?post=7287"},{"taxonomy":"categoria-notizia","embeddable":true,"href":"https:\/\/gruppomontenegro.com\/de\/wp-json\/wp\/v2\/categoria-notizia?post=7287"}],"curies":[{"name":"wp","href":"https:\/\/api.w.org\/{rel}","templated":true}]}}