{"id":6967,"date":"2023-04-04T16:59:23","date_gmt":"2023-04-04T14:59:23","guid":{"rendered":"https:\/\/gruppomontenegro.com\/bonomelli-cuore-al-cibus-2023-la-fiera-internazionale-dellalimentazione\/"},"modified":"2023-04-11T17:08:01","modified_gmt":"2023-04-11T15:08:01","slug":"bonomelli-cuore-auf-der-cibus-2023-die-internationale-lebensmittelmesse","status":"publish","type":"post","link":"https:\/\/gruppomontenegro.com\/de\/bonomelli-cuore-auf-der-cibus-2023-die-internationale-lebensmittelmesse\/","title":{"rendered":"Bonomelli &#038; Cuore auf der Cibus 2023 &#8211; Die internationale Lebensmittelmesse!"},"content":{"rendered":"<div class=\"fusion-fullwidth fullwidth-box fusion-builder-row-1 fusion-flex-container nonhundred-percent-fullwidth non-hundred-percent-height-scrolling\" style=\"--awb-border-radius-top-left:0px;--awb-border-radius-top-right:0px;--awb-border-radius-bottom-right:0px;--awb-border-radius-bottom-left:0px;--awb-flex-wrap:wrap;\" ><div class=\"fusion-builder-row fusion-row fusion-flex-align-items-flex-start fusion-flex-content-wrap\" style=\"max-width:1248px;margin-left: calc(-4% \/ 2 );margin-right: calc(-4% \/ 2 );\"><div class=\"fusion-layout-column fusion_builder_column fusion-builder-column-0 fusion_builder_column_1_1 1_1 fusion-flex-column\" style=\"--awb-bg-size:cover;--awb-width-large:100%;--awb-margin-top-large:0px;--awb-spacing-right-large:1.92%;--awb-margin-bottom-large:0px;--awb-spacing-left-large:1.92%;--awb-width-medium:100%;--awb-spacing-right-medium:1.92%;--awb-spacing-left-medium:1.92%;--awb-width-small:100%;--awb-spacing-right-small:1.92%;--awb-spacing-left-small:1.92%;\"><div class=\"fusion-column-wrapper fusion-flex-justify-content-flex-start fusion-content-layout-column\"><div class=\"fusion-text fusion-text-1\"><p>Am 29. und 30. M\u00e4rz hat die Food Divison in Parma an der Cibus teilgenommen, der wichtigsten Messe des italienischen Agrar- und Lebensmittelsektors f\u00fcr italienisches und internationales Fachpublikum aus Off- und On-Trade.<\/p>\n<p>\u00dcber das Angebot innovativer Produkte, die aus dem Know-how des Made in Italy entstehen, bietet Cibus die Plattform f\u00fcr internationale Handelsbeziehungen zu den \u00fcber 3.000 Besuchern aus 90 L\u00e4ndern.<\/p>\n<p>Bei der diesj\u00e4hrigen Ausgabe waren die Marken Bonomelli und Cuore in der Halle 5 im Bereich \u201eEndurance\u201c zu finden, der sich dem Gebiet der <strong>Nahrungserg\u00e4nzungsmittel mit dem h\u00f6chsten Innovationsfaktor<\/strong> widmete.<\/p>\n<p>Wir haben die Produktneuheiten &#8211; die <strong>botanischen Nahrungserg\u00e4nzungsmittel von Bonomelli<\/strong> und die <strong>Knusperbl\u00e4tter von Cuore<\/strong> \u2013 mit Begleitmaterial pr\u00e4sentiert, das die Geschichte der Marken und die Wirkung der Produkte erkl\u00e4rt.<\/p>\n<\/div><div class=\"fusion-slider-sc\"><div class=\"fusion-flexslider-loading flexslider flexslider-hover-type-none\" data-slideshow_autoplay=\"1\" data-slideshow_smooth_height=\"0\" data-slideshow_speed=\"4000\" style=\"max-width:100%;height:100%;\"><ul class=\"slides\"><li class=\"image\"><span class=\"fusion-image-hover-element hover-type-none\"><img decoding=\"async\" src=\"https:\/\/gruppomontenegro.com\/wp-content\/uploads\/2023\/04\/cibus2023-1.jpg\" width=\"640\" height=\"710\" class=\"wp-image-6958\" srcset=\"https:\/\/gruppomontenegro.com\/wp-content\/uploads\/2023\/04\/cibus2023-1-200x222.jpg 200w, https:\/\/gruppomontenegro.com\/wp-content\/uploads\/2023\/04\/cibus2023-1-400x444.jpg 400w, https:\/\/gruppomontenegro.com\/wp-content\/uploads\/2023\/04\/cibus2023-1-600x666.jpg 600w, https:\/\/gruppomontenegro.com\/wp-content\/uploads\/2023\/04\/cibus2023-1.jpg 640w\" sizes=\"(max-width: 640px) 100vw, 640px\" \/><\/span><\/li><li class=\"image\"><span class=\"fusion-image-hover-element hover-type-none\"><img decoding=\"async\" src=\"https:\/\/gruppomontenegro.com\/wp-content\/uploads\/2023\/04\/cibus2023-2.jpg\" width=\"640\" height=\"710\" class=\"wp-image-6955\" srcset=\"https:\/\/gruppomontenegro.com\/wp-content\/uploads\/2023\/04\/cibus2023-2-200x222.jpg 200w, https:\/\/gruppomontenegro.com\/wp-content\/uploads\/2023\/04\/cibus2023-2-400x444.jpg 400w, https:\/\/gruppomontenegro.com\/wp-content\/uploads\/2023\/04\/cibus2023-2-600x666.jpg 600w, https:\/\/gruppomontenegro.com\/wp-content\/uploads\/2023\/04\/cibus2023-2.jpg 640w\" sizes=\"(max-width: 640px) 100vw, 640px\" \/><\/span><\/li><li class=\"image\"><span class=\"fusion-image-hover-element hover-type-none\"><img decoding=\"async\" src=\"https:\/\/gruppomontenegro.com\/wp-content\/uploads\/2023\/04\/cibus2023-3.jpg\" width=\"640\" height=\"710\" class=\"wp-image-6952\" srcset=\"https:\/\/gruppomontenegro.com\/wp-content\/uploads\/2023\/04\/cibus2023-3-200x222.jpg 200w, https:\/\/gruppomontenegro.com\/wp-content\/uploads\/2023\/04\/cibus2023-3-400x444.jpg 400w, https:\/\/gruppomontenegro.com\/wp-content\/uploads\/2023\/04\/cibus2023-3-600x666.jpg 600w, https:\/\/gruppomontenegro.com\/wp-content\/uploads\/2023\/04\/cibus2023-3.jpg 640w\" sizes=\"(max-width: 640px) 100vw, 640px\" \/><\/span><\/li><\/ul><\/div><\/div><\/div><\/div><\/div><\/div>\n","protected":false},"excerpt":{"rendered":"<p>Am 29. und 30. M\u00e4rz hat die Food Divison in Parma an der Cibus teilgenommen, der wichtigsten Messe des italienischen Agrar- und Lebensmittelsektors f\u00fcr italienisches und internationales Fachpublikum aus Off- und On-Trade.<\/p>\n","protected":false},"author":9,"featured_media":6951,"comment_status":"closed","ping_status":"closed","sticky":false,"template":"","format":"standard","meta":{"footnotes":""},"tags":[],"categoria-notizia":[91,89,92],"class_list":["post-6967","post","type-post","status-publish","format-standard","has-post-thumbnail","hentry","categoria-notizia-brands-de","categoria-notizia-die-gruppe","categoria-notizia-events-de"],"yoast_head":"<!-- This site is optimized with the Yoast SEO plugin v27.1.1 - https:\/\/yoast.com\/product\/yoast-seo-wordpress\/ -->\n<title>Bonomelli &amp; Cuore auf der Cibus 2023 - Die internationale Lebensmittelmesse! | Gruppo Montenegro<\/title>\n<meta name=\"description\" content=\"Am 29. und 30. M\u00e4rz hat die Food Divison in Parma an der Cibus teilgenommen, der wichtigsten Messe des italienischen Agrar- und Lebensmittelsektors f\u00fcr italienisches und internationales Fachpublikum aus Off- und On-Trade.\" \/>\n<meta name=\"robots\" content=\"index, follow, max-snippet:-1, max-image-preview:large, max-video-preview:-1\" \/>\n<link rel=\"canonical\" href=\"https:\/\/gruppomontenegro.com\/de\/bonomelli-cuore-auf-der-cibus-2023-die-internationale-lebensmittelmesse\/\" \/>\n<meta property=\"og:locale\" content=\"de_DE\" \/>\n<meta property=\"og:type\" content=\"article\" \/>\n<meta property=\"og:title\" content=\"Bonomelli &amp; Cuore auf der Cibus 2023 - Die internationale Lebensmittelmesse! | Gruppo Montenegro\" \/>\n<meta property=\"og:description\" content=\"Am 29. und 30. M\u00e4rz hat die Food Divison in Parma an der Cibus teilgenommen, der wichtigsten Messe des italienischen Agrar- und Lebensmittelsektors f\u00fcr italienisches und internationales Fachpublikum aus Off- und On-Trade.\" \/>\n<meta property=\"og:url\" content=\"https:\/\/gruppomontenegro.com\/de\/bonomelli-cuore-auf-der-cibus-2023-die-internationale-lebensmittelmesse\/\" \/>\n<meta property=\"og:site_name\" content=\"Gruppo Montenegro\" \/>\n<meta property=\"article:published_time\" content=\"2023-04-04T14:59:23+00:00\" \/>\n<meta property=\"article:modified_time\" content=\"2023-04-11T15:08:01+00:00\" \/>\n<meta property=\"og:image\" content=\"https:\/\/gruppomontenegro.com\/wp-content\/uploads\/2023\/04\/Cibus-News3-2023.jpg\" \/>\n\t<meta property=\"og:image:width\" content=\"1200\" \/>\n\t<meta property=\"og:image:height\" content=\"550\" \/>\n\t<meta property=\"og:image:type\" content=\"image\/jpeg\" \/>\n<meta name=\"author\" content=\"antonella@\" \/>\n<meta name=\"twitter:card\" content=\"summary_large_image\" \/>\n<script type=\"application\/ld+json\" class=\"yoast-schema-graph\">{\"@context\":\"https:\/\/schema.org\",\"@graph\":[{\"@type\":[\"Article\",\"BlogPosting\"],\"@id\":\"https:\/\/gruppomontenegro.com\/de\/bonomelli-cuore-auf-der-cibus-2023-die-internationale-lebensmittelmesse\/#article\",\"isPartOf\":{\"@id\":\"https:\/\/gruppomontenegro.com\/de\/bonomelli-cuore-auf-der-cibus-2023-die-internationale-lebensmittelmesse\/\"},\"author\":{\"name\":\"antonella@\",\"@id\":\"https:\/\/gruppomontenegro.com\/de\/#\/schema\/person\/dc08592f531cba68ff145a60a646af7b\"},\"headline\":\"Bonomelli &#038; Cuore auf der Cibus 2023 &#8211; Die internationale Lebensmittelmesse!\",\"datePublished\":\"2023-04-04T14:59:23+00:00\",\"dateModified\":\"2023-04-11T15:08:01+00:00\",\"mainEntityOfPage\":{\"@id\":\"https:\/\/gruppomontenegro.com\/de\/bonomelli-cuore-auf-der-cibus-2023-die-internationale-lebensmittelmesse\/\"},\"wordCount\":482,\"publisher\":{\"@id\":\"https:\/\/gruppomontenegro.com\/de\/#organization\"},\"image\":{\"@id\":\"https:\/\/gruppomontenegro.com\/de\/bonomelli-cuore-auf-der-cibus-2023-die-internationale-lebensmittelmesse\/#primaryimage\"},\"thumbnailUrl\":\"https:\/\/gruppomontenegro.com\/wp-content\/uploads\/2023\/04\/Cibus-News3-2023.jpg\",\"inLanguage\":\"de-DE\"},{\"@type\":\"WebPage\",\"@id\":\"https:\/\/gruppomontenegro.com\/de\/bonomelli-cuore-auf-der-cibus-2023-die-internationale-lebensmittelmesse\/\",\"url\":\"https:\/\/gruppomontenegro.com\/de\/bonomelli-cuore-auf-der-cibus-2023-die-internationale-lebensmittelmesse\/\",\"name\":\"Bonomelli & Cuore auf der Cibus 2023 - Die internationale Lebensmittelmesse! | Gruppo Montenegro\",\"isPartOf\":{\"@id\":\"https:\/\/gruppomontenegro.com\/de\/#website\"},\"primaryImageOfPage\":{\"@id\":\"https:\/\/gruppomontenegro.com\/de\/bonomelli-cuore-auf-der-cibus-2023-die-internationale-lebensmittelmesse\/#primaryimage\"},\"image\":{\"@id\":\"https:\/\/gruppomontenegro.com\/de\/bonomelli-cuore-auf-der-cibus-2023-die-internationale-lebensmittelmesse\/#primaryimage\"},\"thumbnailUrl\":\"https:\/\/gruppomontenegro.com\/wp-content\/uploads\/2023\/04\/Cibus-News3-2023.jpg\",\"datePublished\":\"2023-04-04T14:59:23+00:00\",\"dateModified\":\"2023-04-11T15:08:01+00:00\",\"description\":\"Am 29. und 30. M\u00e4rz hat die Food Divison in Parma an der Cibus teilgenommen, der wichtigsten Messe des italienischen Agrar- und Lebensmittelsektors f\u00fcr italienisches und internationales Fachpublikum aus Off- und On-Trade.\",\"breadcrumb\":{\"@id\":\"https:\/\/gruppomontenegro.com\/de\/bonomelli-cuore-auf-der-cibus-2023-die-internationale-lebensmittelmesse\/#breadcrumb\"},\"inLanguage\":\"de-DE\",\"potentialAction\":[{\"@type\":\"ReadAction\",\"target\":[\"https:\/\/gruppomontenegro.com\/de\/bonomelli-cuore-auf-der-cibus-2023-die-internationale-lebensmittelmesse\/\"]}]},{\"@type\":\"ImageObject\",\"inLanguage\":\"de-DE\",\"@id\":\"https:\/\/gruppomontenegro.com\/de\/bonomelli-cuore-auf-der-cibus-2023-die-internationale-lebensmittelmesse\/#primaryimage\",\"url\":\"https:\/\/gruppomontenegro.com\/wp-content\/uploads\/2023\/04\/Cibus-News3-2023.jpg\",\"contentUrl\":\"https:\/\/gruppomontenegro.com\/wp-content\/uploads\/2023\/04\/Cibus-News3-2023.jpg\",\"width\":1200,\"height\":550},{\"@type\":\"BreadcrumbList\",\"@id\":\"https:\/\/gruppomontenegro.com\/de\/bonomelli-cuore-auf-der-cibus-2023-die-internationale-lebensmittelmesse\/#breadcrumb\",\"itemListElement\":[{\"@type\":\"ListItem\",\"position\":1,\"name\":\"Home\",\"item\":\"https:\/\/gruppomontenegro.com\/de\/\"},{\"@type\":\"ListItem\",\"position\":2,\"name\":\"Bonomelli &#038; Cuore auf der Cibus 2023 &#8211; Die internationale Lebensmittelmesse!\"}]},{\"@type\":\"WebSite\",\"@id\":\"https:\/\/gruppomontenegro.com\/de\/#website\",\"url\":\"https:\/\/gruppomontenegro.com\/de\/\",\"name\":\"Gruppo Montenegro\",\"description\":\"\",\"publisher\":{\"@id\":\"https:\/\/gruppomontenegro.com\/de\/#organization\"},\"potentialAction\":[{\"@type\":\"SearchAction\",\"target\":{\"@type\":\"EntryPoint\",\"urlTemplate\":\"https:\/\/gruppomontenegro.com\/de\/?s={search_term_string}\"},\"query-input\":{\"@type\":\"PropertyValueSpecification\",\"valueRequired\":true,\"valueName\":\"search_term_string\"}}],\"inLanguage\":\"de-DE\"},{\"@type\":\"Organization\",\"@id\":\"https:\/\/gruppomontenegro.com\/de\/#organization\",\"name\":\"Gruppo Montenegro\",\"url\":\"https:\/\/gruppomontenegro.com\/de\/\",\"logo\":{\"@type\":\"ImageObject\",\"inLanguage\":\"de-DE\",\"@id\":\"https:\/\/gruppomontenegro.com\/de\/#\/schema\/logo\/image\/\",\"url\":\"https:\/\/gruppomontenegro.com\/wp-content\/uploads\/2022\/12\/logo-montenegro.jpg\",\"contentUrl\":\"https:\/\/gruppomontenegro.com\/wp-content\/uploads\/2022\/12\/logo-montenegro.jpg\",\"width\":300,\"height\":200,\"caption\":\"Gruppo Montenegro\"},\"image\":{\"@id\":\"https:\/\/gruppomontenegro.com\/de\/#\/schema\/logo\/image\/\"}},{\"@type\":\"Person\",\"@id\":\"https:\/\/gruppomontenegro.com\/de\/#\/schema\/person\/dc08592f531cba68ff145a60a646af7b\",\"name\":\"antonella@\"}]}<\/script>\n<!-- \/ Yoast SEO plugin. -->","yoast_head_json":{"title":"Bonomelli & Cuore auf der Cibus 2023 - Die internationale Lebensmittelmesse! | Gruppo Montenegro","description":"Am 29. und 30. M\u00e4rz hat die Food Divison in Parma an der Cibus teilgenommen, der wichtigsten Messe des italienischen Agrar- und Lebensmittelsektors f\u00fcr italienisches und internationales Fachpublikum aus Off- und On-Trade.","robots":{"index":"index","follow":"follow","max-snippet":"max-snippet:-1","max-image-preview":"max-image-preview:large","max-video-preview":"max-video-preview:-1"},"canonical":"https:\/\/gruppomontenegro.com\/de\/bonomelli-cuore-auf-der-cibus-2023-die-internationale-lebensmittelmesse\/","og_locale":"de_DE","og_type":"article","og_title":"Bonomelli & Cuore auf der Cibus 2023 - Die internationale Lebensmittelmesse! | Gruppo Montenegro","og_description":"Am 29. und 30. M\u00e4rz hat die Food Divison in Parma an der Cibus teilgenommen, der wichtigsten Messe des italienischen Agrar- und Lebensmittelsektors f\u00fcr italienisches und internationales Fachpublikum aus Off- und On-Trade.","og_url":"https:\/\/gruppomontenegro.com\/de\/bonomelli-cuore-auf-der-cibus-2023-die-internationale-lebensmittelmesse\/","og_site_name":"Gruppo Montenegro","article_published_time":"2023-04-04T14:59:23+00:00","article_modified_time":"2023-04-11T15:08:01+00:00","og_image":[{"width":1200,"height":550,"url":"https:\/\/gruppomontenegro.com\/wp-content\/uploads\/2023\/04\/Cibus-News3-2023.jpg","type":"image\/jpeg"}],"author":"antonella@","twitter_card":"summary_large_image","schema":{"@context":"https:\/\/schema.org","@graph":[{"@type":["Article","BlogPosting"],"@id":"https:\/\/gruppomontenegro.com\/de\/bonomelli-cuore-auf-der-cibus-2023-die-internationale-lebensmittelmesse\/#article","isPartOf":{"@id":"https:\/\/gruppomontenegro.com\/de\/bonomelli-cuore-auf-der-cibus-2023-die-internationale-lebensmittelmesse\/"},"author":{"name":"antonella@","@id":"https:\/\/gruppomontenegro.com\/de\/#\/schema\/person\/dc08592f531cba68ff145a60a646af7b"},"headline":"Bonomelli &#038; Cuore auf der Cibus 2023 &#8211; Die internationale Lebensmittelmesse!","datePublished":"2023-04-04T14:59:23+00:00","dateModified":"2023-04-11T15:08:01+00:00","mainEntityOfPage":{"@id":"https:\/\/gruppomontenegro.com\/de\/bonomelli-cuore-auf-der-cibus-2023-die-internationale-lebensmittelmesse\/"},"wordCount":482,"publisher":{"@id":"https:\/\/gruppomontenegro.com\/de\/#organization"},"image":{"@id":"https:\/\/gruppomontenegro.com\/de\/bonomelli-cuore-auf-der-cibus-2023-die-internationale-lebensmittelmesse\/#primaryimage"},"thumbnailUrl":"https:\/\/gruppomontenegro.com\/wp-content\/uploads\/2023\/04\/Cibus-News3-2023.jpg","inLanguage":"de-DE"},{"@type":"WebPage","@id":"https:\/\/gruppomontenegro.com\/de\/bonomelli-cuore-auf-der-cibus-2023-die-internationale-lebensmittelmesse\/","url":"https:\/\/gruppomontenegro.com\/de\/bonomelli-cuore-auf-der-cibus-2023-die-internationale-lebensmittelmesse\/","name":"Bonomelli & Cuore auf der Cibus 2023 - Die internationale Lebensmittelmesse! | Gruppo Montenegro","isPartOf":{"@id":"https:\/\/gruppomontenegro.com\/de\/#website"},"primaryImageOfPage":{"@id":"https:\/\/gruppomontenegro.com\/de\/bonomelli-cuore-auf-der-cibus-2023-die-internationale-lebensmittelmesse\/#primaryimage"},"image":{"@id":"https:\/\/gruppomontenegro.com\/de\/bonomelli-cuore-auf-der-cibus-2023-die-internationale-lebensmittelmesse\/#primaryimage"},"thumbnailUrl":"https:\/\/gruppomontenegro.com\/wp-content\/uploads\/2023\/04\/Cibus-News3-2023.jpg","datePublished":"2023-04-04T14:59:23+00:00","dateModified":"2023-04-11T15:08:01+00:00","description":"Am 29. und 30. M\u00e4rz hat die Food Divison in Parma an der Cibus teilgenommen, der wichtigsten Messe des italienischen Agrar- und Lebensmittelsektors f\u00fcr italienisches und internationales Fachpublikum aus Off- und On-Trade.","breadcrumb":{"@id":"https:\/\/gruppomontenegro.com\/de\/bonomelli-cuore-auf-der-cibus-2023-die-internationale-lebensmittelmesse\/#breadcrumb"},"inLanguage":"de-DE","potentialAction":[{"@type":"ReadAction","target":["https:\/\/gruppomontenegro.com\/de\/bonomelli-cuore-auf-der-cibus-2023-die-internationale-lebensmittelmesse\/"]}]},{"@type":"ImageObject","inLanguage":"de-DE","@id":"https:\/\/gruppomontenegro.com\/de\/bonomelli-cuore-auf-der-cibus-2023-die-internationale-lebensmittelmesse\/#primaryimage","url":"https:\/\/gruppomontenegro.com\/wp-content\/uploads\/2023\/04\/Cibus-News3-2023.jpg","contentUrl":"https:\/\/gruppomontenegro.com\/wp-content\/uploads\/2023\/04\/Cibus-News3-2023.jpg","width":1200,"height":550},{"@type":"BreadcrumbList","@id":"https:\/\/gruppomontenegro.com\/de\/bonomelli-cuore-auf-der-cibus-2023-die-internationale-lebensmittelmesse\/#breadcrumb","itemListElement":[{"@type":"ListItem","position":1,"name":"Home","item":"https:\/\/gruppomontenegro.com\/de\/"},{"@type":"ListItem","position":2,"name":"Bonomelli &#038; Cuore auf der Cibus 2023 &#8211; Die internationale Lebensmittelmesse!"}]},{"@type":"WebSite","@id":"https:\/\/gruppomontenegro.com\/de\/#website","url":"https:\/\/gruppomontenegro.com\/de\/","name":"Gruppo Montenegro","description":"","publisher":{"@id":"https:\/\/gruppomontenegro.com\/de\/#organization"},"potentialAction":[{"@type":"SearchAction","target":{"@type":"EntryPoint","urlTemplate":"https:\/\/gruppomontenegro.com\/de\/?s={search_term_string}"},"query-input":{"@type":"PropertyValueSpecification","valueRequired":true,"valueName":"search_term_string"}}],"inLanguage":"de-DE"},{"@type":"Organization","@id":"https:\/\/gruppomontenegro.com\/de\/#organization","name":"Gruppo Montenegro","url":"https:\/\/gruppomontenegro.com\/de\/","logo":{"@type":"ImageObject","inLanguage":"de-DE","@id":"https:\/\/gruppomontenegro.com\/de\/#\/schema\/logo\/image\/","url":"https:\/\/gruppomontenegro.com\/wp-content\/uploads\/2022\/12\/logo-montenegro.jpg","contentUrl":"https:\/\/gruppomontenegro.com\/wp-content\/uploads\/2022\/12\/logo-montenegro.jpg","width":300,"height":200,"caption":"Gruppo Montenegro"},"image":{"@id":"https:\/\/gruppomontenegro.com\/de\/#\/schema\/logo\/image\/"}},{"@type":"Person","@id":"https:\/\/gruppomontenegro.com\/de\/#\/schema\/person\/dc08592f531cba68ff145a60a646af7b","name":"antonella@"}]}},"_links":{"self":[{"href":"https:\/\/gruppomontenegro.com\/de\/wp-json\/wp\/v2\/posts\/6967","targetHints":{"allow":["GET"]}}],"collection":[{"href":"https:\/\/gruppomontenegro.com\/de\/wp-json\/wp\/v2\/posts"}],"about":[{"href":"https:\/\/gruppomontenegro.com\/de\/wp-json\/wp\/v2\/types\/post"}],"author":[{"embeddable":true,"href":"https:\/\/gruppomontenegro.com\/de\/wp-json\/wp\/v2\/users\/9"}],"replies":[{"embeddable":true,"href":"https:\/\/gruppomontenegro.com\/de\/wp-json\/wp\/v2\/comments?post=6967"}],"version-history":[{"count":2,"href":"https:\/\/gruppomontenegro.com\/de\/wp-json\/wp\/v2\/posts\/6967\/revisions"}],"predecessor-version":[{"id":6970,"href":"https:\/\/gruppomontenegro.com\/de\/wp-json\/wp\/v2\/posts\/6967\/revisions\/6970"}],"wp:featuredmedia":[{"embeddable":true,"href":"https:\/\/gruppomontenegro.com\/de\/wp-json\/wp\/v2\/media\/6951"}],"wp:attachment":[{"href":"https:\/\/gruppomontenegro.com\/de\/wp-json\/wp\/v2\/media?parent=6967"}],"wp:term":[{"taxonomy":"post_tag","embeddable":true,"href":"https:\/\/gruppomontenegro.com\/de\/wp-json\/wp\/v2\/tags?post=6967"},{"taxonomy":"categoria-notizia","embeddable":true,"href":"https:\/\/gruppomontenegro.com\/de\/wp-json\/wp\/v2\/categoria-notizia?post=6967"}],"curies":[{"name":"wp","href":"https:\/\/api.w.org\/{rel}","templated":true}]}}