{"id":6914,"date":"2023-03-29T16:30:55","date_gmt":"2023-03-29T14:30:55","guid":{"rendered":"https:\/\/gruppomontenegro.com\/bonomelli-cuore-al-cibus-2023-la-fiera-internazionale-dellalimentazione\/"},"modified":"2023-04-11T17:00:53","modified_gmt":"2023-04-11T15:00:53","slug":"bonomelli-cuore-auf-der-cibus-2023","status":"publish","type":"post","link":"https:\/\/gruppomontenegro.com\/de\/bonomelli-cuore-auf-der-cibus-2023\/","title":{"rendered":"Bonomelli &#038; Cuore auf der Cibus 2023"},"content":{"rendered":"<div class=\"fusion-fullwidth fullwidth-box fusion-builder-row-1 fusion-flex-container nonhundred-percent-fullwidth non-hundred-percent-height-scrolling\" style=\"--awb-border-radius-top-left:0px;--awb-border-radius-top-right:0px;--awb-border-radius-bottom-right:0px;--awb-border-radius-bottom-left:0px;--awb-flex-wrap:wrap;\" ><div class=\"fusion-builder-row fusion-row fusion-flex-align-items-flex-start fusion-flex-content-wrap\" style=\"max-width:1248px;margin-left: calc(-4% \/ 2 );margin-right: calc(-4% \/ 2 );\"><div class=\"fusion-layout-column fusion_builder_column fusion-builder-column-0 fusion_builder_column_1_1 1_1 fusion-flex-column\" style=\"--awb-bg-size:cover;--awb-width-large:100%;--awb-margin-top-large:0px;--awb-spacing-right-large:1.92%;--awb-margin-bottom-large:0px;--awb-spacing-left-large:1.92%;--awb-width-medium:100%;--awb-spacing-right-medium:1.92%;--awb-spacing-left-medium:1.92%;--awb-width-small:100%;--awb-spacing-right-small:1.92%;--awb-spacing-left-small:1.92%;\"><div class=\"fusion-column-wrapper fusion-flex-justify-content-flex-start fusion-content-layout-column\"><div class=\"fusion-text fusion-text-1\"><p>Heute und Morgen sind wir auf der Cibus Connecting Italy in Parma vertreten, einem Event der Fiere di Parma Spa, das sich dem Besten des Food Made in Italy widmet.<\/p>\n<p>Wir stellen das Projekt #NutrirsiOggi, die Sortimentsprodukte und alle Neuheiten aus 2023 vor: im Besonderen werden wir \u00fcber die botanischen Nahrungserg\u00e4nzungsmittel von Bonomelli und die Knusperbl\u00e4tter von Cuore berichten, zwei neue und innovative Produktlinien, die Teil eines ehrgeizigen Erweiterungsprozesses der Food Division sind, der darauf abzielt, Cuore und Bonomelli in den kommenden Jahren zu den Referenzmarken f\u00fcr gesundheitsbewusstes und funktionelles Food &amp; Beverage in Italien zu machen.<\/p>\n<p>Innovation ist also die Devise, ein Schl\u00fcsselwert, der seit jeher die Entwicklung unserer Marken bestimmt. Diese sind historisch als ikonische Symbole des Made in Italy anerkannt, weil sie bestens das konstante Streben nach Exzellenz unter Wahrung der Tradition \u2013 das K\u00f6nnen der Gruppo Montenegro \u2013 aber auch eine neue Vision f\u00fcr die Zukunft verdeutlichen, die auf bedeutenden Investitionen in Forschung und Entwicklung basiert.<\/p>\n<p><strong>SSie finden uns in der Halle 5, am Stand C034.<\/strong><\/p>\n<\/div><div class=\"fusion-image-element \" style=\"--awb-caption-title-font-family:var(--h2_typography-font-family);--awb-caption-title-font-weight:var(--h2_typography-font-weight);--awb-caption-title-font-style:var(--h2_typography-font-style);--awb-caption-title-size:var(--h2_typography-font-size);--awb-caption-title-transform:var(--h2_typography-text-transform);--awb-caption-title-line-height:var(--h2_typography-line-height);--awb-caption-title-letter-spacing:var(--h2_typography-letter-spacing);\"><span class=\" fusion-imageframe imageframe-none imageframe-1 hover-type-none\"><img decoding=\"async\" width=\"471\" height=\"361\" title=\"CIBUS-2023\" src=\"https:\/\/gruppomontenegro.com\/wp-content\/uploads\/2023\/03\/CIBUS-2023.jpg\" alt class=\"img-responsive wp-image-6904\" srcset=\"https:\/\/gruppomontenegro.com\/wp-content\/uploads\/2023\/03\/CIBUS-2023-200x153.jpg 200w, https:\/\/gruppomontenegro.com\/wp-content\/uploads\/2023\/03\/CIBUS-2023-400x307.jpg 400w, https:\/\/gruppomontenegro.com\/wp-content\/uploads\/2023\/03\/CIBUS-2023.jpg 471w\" sizes=\"(max-width: 640px) 100vw, 471px\" \/><\/span><\/div><\/div><\/div><\/div><\/div>\n","protected":false},"excerpt":{"rendered":"<p>Heute und Morgen sind wir auf der Cibus Connecting Italy in Parma vertreten, einem Event der Fiere di Parma Spa, das sich dem Besten des Food Made in Italy widmet.<\/p>\n","protected":false},"author":7,"featured_media":6913,"comment_status":"closed","ping_status":"closed","sticky":false,"template":"","format":"standard","meta":{"footnotes":""},"tags":[],"categoria-notizia":[91,89,92],"class_list":["post-6914","post","type-post","status-publish","format-standard","has-post-thumbnail","hentry","categoria-notizia-brands-de","categoria-notizia-die-gruppe","categoria-notizia-events-de"],"yoast_head":"<!-- This site is optimized with the Yoast SEO plugin v27.1.1 - https:\/\/yoast.com\/product\/yoast-seo-wordpress\/ -->\n<title>Bonomelli &amp; Cuore auf der Cibus 2023 | Gruppo Montenegro<\/title>\n<meta name=\"description\" content=\"Heute und Morgen sind wir auf der Cibus Connecting Italy in Parma vertreten, einem Event der Fiere di Parma Spa, das sich dem Besten des Food Made in Italy widmet.\" \/>\n<meta name=\"robots\" content=\"index, follow, max-snippet:-1, max-image-preview:large, max-video-preview:-1\" \/>\n<link rel=\"canonical\" href=\"https:\/\/gruppomontenegro.com\/de\/bonomelli-cuore-auf-der-cibus-2023\/\" \/>\n<meta property=\"og:locale\" content=\"de_DE\" \/>\n<meta property=\"og:type\" content=\"article\" \/>\n<meta property=\"og:title\" content=\"Bonomelli &amp; Cuore auf der Cibus 2023 | Gruppo Montenegro\" \/>\n<meta property=\"og:description\" content=\"Heute und Morgen sind wir auf der Cibus Connecting Italy in Parma vertreten, einem Event der Fiere di Parma Spa, das sich dem Besten des Food Made in Italy widmet.\" \/>\n<meta property=\"og:url\" content=\"https:\/\/gruppomontenegro.com\/de\/bonomelli-cuore-auf-der-cibus-2023\/\" \/>\n<meta property=\"og:site_name\" content=\"Gruppo Montenegro\" \/>\n<meta property=\"article:published_time\" content=\"2023-03-29T14:30:55+00:00\" \/>\n<meta property=\"article:modified_time\" content=\"2023-04-11T15:00:53+00:00\" \/>\n<meta property=\"og:image\" content=\"https:\/\/gruppomontenegro.com\/wp-content\/uploads\/2023\/03\/Cibus-News-2023.jpg\" \/>\n\t<meta property=\"og:image:width\" content=\"1200\" \/>\n\t<meta property=\"og:image:height\" content=\"550\" \/>\n\t<meta property=\"og:image:type\" content=\"image\/jpeg\" \/>\n<meta name=\"author\" content=\"monica@\" \/>\n<meta name=\"twitter:card\" content=\"summary_large_image\" \/>\n<script type=\"application\/ld+json\" class=\"yoast-schema-graph\">{\"@context\":\"https:\/\/schema.org\",\"@graph\":[{\"@type\":[\"Article\",\"BlogPosting\"],\"@id\":\"https:\/\/gruppomontenegro.com\/de\/bonomelli-cuore-auf-der-cibus-2023\/#article\",\"isPartOf\":{\"@id\":\"https:\/\/gruppomontenegro.com\/de\/bonomelli-cuore-auf-der-cibus-2023\/\"},\"author\":{\"name\":\"monica@\",\"@id\":\"https:\/\/gruppomontenegro.com\/de\/#\/schema\/person\/aedfed4a2fb3057e1c1b0d95200ef5c7\"},\"headline\":\"Bonomelli &#038; Cuore auf der Cibus 2023\",\"datePublished\":\"2023-03-29T14:30:55+00:00\",\"dateModified\":\"2023-04-11T15:00:53+00:00\",\"mainEntityOfPage\":{\"@id\":\"https:\/\/gruppomontenegro.com\/de\/bonomelli-cuore-auf-der-cibus-2023\/\"},\"wordCount\":704,\"publisher\":{\"@id\":\"https:\/\/gruppomontenegro.com\/de\/#organization\"},\"image\":{\"@id\":\"https:\/\/gruppomontenegro.com\/de\/bonomelli-cuore-auf-der-cibus-2023\/#primaryimage\"},\"thumbnailUrl\":\"https:\/\/gruppomontenegro.com\/wp-content\/uploads\/2023\/03\/Cibus-News-2023.jpg\",\"inLanguage\":\"de-DE\"},{\"@type\":\"WebPage\",\"@id\":\"https:\/\/gruppomontenegro.com\/de\/bonomelli-cuore-auf-der-cibus-2023\/\",\"url\":\"https:\/\/gruppomontenegro.com\/de\/bonomelli-cuore-auf-der-cibus-2023\/\",\"name\":\"Bonomelli & Cuore auf der Cibus 2023 | Gruppo Montenegro\",\"isPartOf\":{\"@id\":\"https:\/\/gruppomontenegro.com\/de\/#website\"},\"primaryImageOfPage\":{\"@id\":\"https:\/\/gruppomontenegro.com\/de\/bonomelli-cuore-auf-der-cibus-2023\/#primaryimage\"},\"image\":{\"@id\":\"https:\/\/gruppomontenegro.com\/de\/bonomelli-cuore-auf-der-cibus-2023\/#primaryimage\"},\"thumbnailUrl\":\"https:\/\/gruppomontenegro.com\/wp-content\/uploads\/2023\/03\/Cibus-News-2023.jpg\",\"datePublished\":\"2023-03-29T14:30:55+00:00\",\"dateModified\":\"2023-04-11T15:00:53+00:00\",\"description\":\"Heute und Morgen sind wir auf der Cibus Connecting Italy in Parma vertreten, einem Event der Fiere di Parma Spa, das sich dem Besten des Food Made in Italy widmet.\",\"breadcrumb\":{\"@id\":\"https:\/\/gruppomontenegro.com\/de\/bonomelli-cuore-auf-der-cibus-2023\/#breadcrumb\"},\"inLanguage\":\"de-DE\",\"potentialAction\":[{\"@type\":\"ReadAction\",\"target\":[\"https:\/\/gruppomontenegro.com\/de\/bonomelli-cuore-auf-der-cibus-2023\/\"]}]},{\"@type\":\"ImageObject\",\"inLanguage\":\"de-DE\",\"@id\":\"https:\/\/gruppomontenegro.com\/de\/bonomelli-cuore-auf-der-cibus-2023\/#primaryimage\",\"url\":\"https:\/\/gruppomontenegro.com\/wp-content\/uploads\/2023\/03\/Cibus-News-2023.jpg\",\"contentUrl\":\"https:\/\/gruppomontenegro.com\/wp-content\/uploads\/2023\/03\/Cibus-News-2023.jpg\",\"width\":1200,\"height\":550},{\"@type\":\"BreadcrumbList\",\"@id\":\"https:\/\/gruppomontenegro.com\/de\/bonomelli-cuore-auf-der-cibus-2023\/#breadcrumb\",\"itemListElement\":[{\"@type\":\"ListItem\",\"position\":1,\"name\":\"Home\",\"item\":\"https:\/\/gruppomontenegro.com\/de\/\"},{\"@type\":\"ListItem\",\"position\":2,\"name\":\"Bonomelli &#038; Cuore auf der Cibus 2023\"}]},{\"@type\":\"WebSite\",\"@id\":\"https:\/\/gruppomontenegro.com\/de\/#website\",\"url\":\"https:\/\/gruppomontenegro.com\/de\/\",\"name\":\"Gruppo Montenegro\",\"description\":\"\",\"publisher\":{\"@id\":\"https:\/\/gruppomontenegro.com\/de\/#organization\"},\"potentialAction\":[{\"@type\":\"SearchAction\",\"target\":{\"@type\":\"EntryPoint\",\"urlTemplate\":\"https:\/\/gruppomontenegro.com\/de\/?s={search_term_string}\"},\"query-input\":{\"@type\":\"PropertyValueSpecification\",\"valueRequired\":true,\"valueName\":\"search_term_string\"}}],\"inLanguage\":\"de-DE\"},{\"@type\":\"Organization\",\"@id\":\"https:\/\/gruppomontenegro.com\/de\/#organization\",\"name\":\"Gruppo Montenegro\",\"url\":\"https:\/\/gruppomontenegro.com\/de\/\",\"logo\":{\"@type\":\"ImageObject\",\"inLanguage\":\"de-DE\",\"@id\":\"https:\/\/gruppomontenegro.com\/de\/#\/schema\/logo\/image\/\",\"url\":\"https:\/\/gruppomontenegro.com\/wp-content\/uploads\/2022\/12\/logo-montenegro.jpg\",\"contentUrl\":\"https:\/\/gruppomontenegro.com\/wp-content\/uploads\/2022\/12\/logo-montenegro.jpg\",\"width\":300,\"height\":200,\"caption\":\"Gruppo Montenegro\"},\"image\":{\"@id\":\"https:\/\/gruppomontenegro.com\/de\/#\/schema\/logo\/image\/\"}},{\"@type\":\"Person\",\"@id\":\"https:\/\/gruppomontenegro.com\/de\/#\/schema\/person\/aedfed4a2fb3057e1c1b0d95200ef5c7\",\"name\":\"monica@\"}]}<\/script>\n<!-- \/ Yoast SEO plugin. -->","yoast_head_json":{"title":"Bonomelli & Cuore auf der Cibus 2023 | Gruppo Montenegro","description":"Heute und Morgen sind wir auf der Cibus Connecting Italy in Parma vertreten, einem Event der Fiere di Parma Spa, das sich dem Besten des Food Made in Italy widmet.","robots":{"index":"index","follow":"follow","max-snippet":"max-snippet:-1","max-image-preview":"max-image-preview:large","max-video-preview":"max-video-preview:-1"},"canonical":"https:\/\/gruppomontenegro.com\/de\/bonomelli-cuore-auf-der-cibus-2023\/","og_locale":"de_DE","og_type":"article","og_title":"Bonomelli & Cuore auf der Cibus 2023 | Gruppo Montenegro","og_description":"Heute und Morgen sind wir auf der Cibus Connecting Italy in Parma vertreten, einem Event der Fiere di Parma Spa, das sich dem Besten des Food Made in Italy widmet.","og_url":"https:\/\/gruppomontenegro.com\/de\/bonomelli-cuore-auf-der-cibus-2023\/","og_site_name":"Gruppo Montenegro","article_published_time":"2023-03-29T14:30:55+00:00","article_modified_time":"2023-04-11T15:00:53+00:00","og_image":[{"width":1200,"height":550,"url":"https:\/\/gruppomontenegro.com\/wp-content\/uploads\/2023\/03\/Cibus-News-2023.jpg","type":"image\/jpeg"}],"author":"monica@","twitter_card":"summary_large_image","schema":{"@context":"https:\/\/schema.org","@graph":[{"@type":["Article","BlogPosting"],"@id":"https:\/\/gruppomontenegro.com\/de\/bonomelli-cuore-auf-der-cibus-2023\/#article","isPartOf":{"@id":"https:\/\/gruppomontenegro.com\/de\/bonomelli-cuore-auf-der-cibus-2023\/"},"author":{"name":"monica@","@id":"https:\/\/gruppomontenegro.com\/de\/#\/schema\/person\/aedfed4a2fb3057e1c1b0d95200ef5c7"},"headline":"Bonomelli &#038; Cuore auf der Cibus 2023","datePublished":"2023-03-29T14:30:55+00:00","dateModified":"2023-04-11T15:00:53+00:00","mainEntityOfPage":{"@id":"https:\/\/gruppomontenegro.com\/de\/bonomelli-cuore-auf-der-cibus-2023\/"},"wordCount":704,"publisher":{"@id":"https:\/\/gruppomontenegro.com\/de\/#organization"},"image":{"@id":"https:\/\/gruppomontenegro.com\/de\/bonomelli-cuore-auf-der-cibus-2023\/#primaryimage"},"thumbnailUrl":"https:\/\/gruppomontenegro.com\/wp-content\/uploads\/2023\/03\/Cibus-News-2023.jpg","inLanguage":"de-DE"},{"@type":"WebPage","@id":"https:\/\/gruppomontenegro.com\/de\/bonomelli-cuore-auf-der-cibus-2023\/","url":"https:\/\/gruppomontenegro.com\/de\/bonomelli-cuore-auf-der-cibus-2023\/","name":"Bonomelli & Cuore auf der Cibus 2023 | Gruppo Montenegro","isPartOf":{"@id":"https:\/\/gruppomontenegro.com\/de\/#website"},"primaryImageOfPage":{"@id":"https:\/\/gruppomontenegro.com\/de\/bonomelli-cuore-auf-der-cibus-2023\/#primaryimage"},"image":{"@id":"https:\/\/gruppomontenegro.com\/de\/bonomelli-cuore-auf-der-cibus-2023\/#primaryimage"},"thumbnailUrl":"https:\/\/gruppomontenegro.com\/wp-content\/uploads\/2023\/03\/Cibus-News-2023.jpg","datePublished":"2023-03-29T14:30:55+00:00","dateModified":"2023-04-11T15:00:53+00:00","description":"Heute und Morgen sind wir auf der Cibus Connecting Italy in Parma vertreten, einem Event der Fiere di Parma Spa, das sich dem Besten des Food Made in Italy widmet.","breadcrumb":{"@id":"https:\/\/gruppomontenegro.com\/de\/bonomelli-cuore-auf-der-cibus-2023\/#breadcrumb"},"inLanguage":"de-DE","potentialAction":[{"@type":"ReadAction","target":["https:\/\/gruppomontenegro.com\/de\/bonomelli-cuore-auf-der-cibus-2023\/"]}]},{"@type":"ImageObject","inLanguage":"de-DE","@id":"https:\/\/gruppomontenegro.com\/de\/bonomelli-cuore-auf-der-cibus-2023\/#primaryimage","url":"https:\/\/gruppomontenegro.com\/wp-content\/uploads\/2023\/03\/Cibus-News-2023.jpg","contentUrl":"https:\/\/gruppomontenegro.com\/wp-content\/uploads\/2023\/03\/Cibus-News-2023.jpg","width":1200,"height":550},{"@type":"BreadcrumbList","@id":"https:\/\/gruppomontenegro.com\/de\/bonomelli-cuore-auf-der-cibus-2023\/#breadcrumb","itemListElement":[{"@type":"ListItem","position":1,"name":"Home","item":"https:\/\/gruppomontenegro.com\/de\/"},{"@type":"ListItem","position":2,"name":"Bonomelli &#038; Cuore auf der Cibus 2023"}]},{"@type":"WebSite","@id":"https:\/\/gruppomontenegro.com\/de\/#website","url":"https:\/\/gruppomontenegro.com\/de\/","name":"Gruppo Montenegro","description":"","publisher":{"@id":"https:\/\/gruppomontenegro.com\/de\/#organization"},"potentialAction":[{"@type":"SearchAction","target":{"@type":"EntryPoint","urlTemplate":"https:\/\/gruppomontenegro.com\/de\/?s={search_term_string}"},"query-input":{"@type":"PropertyValueSpecification","valueRequired":true,"valueName":"search_term_string"}}],"inLanguage":"de-DE"},{"@type":"Organization","@id":"https:\/\/gruppomontenegro.com\/de\/#organization","name":"Gruppo Montenegro","url":"https:\/\/gruppomontenegro.com\/de\/","logo":{"@type":"ImageObject","inLanguage":"de-DE","@id":"https:\/\/gruppomontenegro.com\/de\/#\/schema\/logo\/image\/","url":"https:\/\/gruppomontenegro.com\/wp-content\/uploads\/2022\/12\/logo-montenegro.jpg","contentUrl":"https:\/\/gruppomontenegro.com\/wp-content\/uploads\/2022\/12\/logo-montenegro.jpg","width":300,"height":200,"caption":"Gruppo Montenegro"},"image":{"@id":"https:\/\/gruppomontenegro.com\/de\/#\/schema\/logo\/image\/"}},{"@type":"Person","@id":"https:\/\/gruppomontenegro.com\/de\/#\/schema\/person\/aedfed4a2fb3057e1c1b0d95200ef5c7","name":"monica@"}]}},"_links":{"self":[{"href":"https:\/\/gruppomontenegro.com\/de\/wp-json\/wp\/v2\/posts\/6914","targetHints":{"allow":["GET"]}}],"collection":[{"href":"https:\/\/gruppomontenegro.com\/de\/wp-json\/wp\/v2\/posts"}],"about":[{"href":"https:\/\/gruppomontenegro.com\/de\/wp-json\/wp\/v2\/types\/post"}],"author":[{"embeddable":true,"href":"https:\/\/gruppomontenegro.com\/de\/wp-json\/wp\/v2\/users\/7"}],"replies":[{"embeddable":true,"href":"https:\/\/gruppomontenegro.com\/de\/wp-json\/wp\/v2\/comments?post=6914"}],"version-history":[{"count":3,"href":"https:\/\/gruppomontenegro.com\/de\/wp-json\/wp\/v2\/posts\/6914\/revisions"}],"predecessor-version":[{"id":6964,"href":"https:\/\/gruppomontenegro.com\/de\/wp-json\/wp\/v2\/posts\/6914\/revisions\/6964"}],"wp:featuredmedia":[{"embeddable":true,"href":"https:\/\/gruppomontenegro.com\/de\/wp-json\/wp\/v2\/media\/6913"}],"wp:attachment":[{"href":"https:\/\/gruppomontenegro.com\/de\/wp-json\/wp\/v2\/media?parent=6914"}],"wp:term":[{"taxonomy":"post_tag","embeddable":true,"href":"https:\/\/gruppomontenegro.com\/de\/wp-json\/wp\/v2\/tags?post=6914"},{"taxonomy":"categoria-notizia","embeddable":true,"href":"https:\/\/gruppomontenegro.com\/de\/wp-json\/wp\/v2\/categoria-notizia?post=6914"}],"curies":[{"name":"wp","href":"https:\/\/api.w.org\/{rel}","templated":true}]}}