{"id":4618,"date":"2017-10-06T07:23:16","date_gmt":"2017-10-06T05:23:16","guid":{"rendered":"https:\/\/gruppomontenegro.com\/amaro-montenegro-presenta-la-scoperta-del-sapore-vero\/"},"modified":"2022-12-20T11:57:18","modified_gmt":"2022-12-20T10:57:18","slug":"amaro-montenegro-praesentiert-die-entdeckung-des-echten-geschmacks-die-abenteuerliche-geschichte-des-gruenders-stanislao-cobianchi-lebt-in-dem-kurzfilm-der-cric-regisseure-wieder-auf","status":"publish","type":"post","link":"https:\/\/gruppomontenegro.com\/de\/amaro-montenegro-praesentiert-die-entdeckung-des-echten-geschmacks-die-abenteuerliche-geschichte-des-gruenders-stanislao-cobianchi-lebt-in-dem-kurzfilm-der-cric-regisseure-wieder-auf\/","title":{"rendered":"Amaro Montenegro pr\u00e4sentiert \u201edie entdeckung des echten geschmacks\u201c Die abenteuerliche Geschichte des Gr\u00fcnders Stanislao Cobianchi lebt in dem Kurzfilm der CRIC-Regisseure wieder auf"},"content":{"rendered":"<p><strong><u>PRESSEMITTEILUNG<\/u><\/strong><\/p>\n<p><em>Mailand,\u00a0den\u00a06. Oktober 2017<\/em>\u202f-\u00a0<strong>Amaro Montenegro\u202f<\/strong>pr\u00e4sentierte gestern die Vorschau auf den Kurzfilm\u00a0\u201eDie Entdeckung des\u00a0echten\u00a0Geschmacks\u201d\u201c, in dem die Entstehung der\u00a0geheimen Rezeptur aus Sicht und den\u00a0Erfahrungen seines Erfinders\u00a0Stanislao\u00a0Cobianchi\u00a0und seinen\u00a0abenteuerlichen Reisen\u00a0durch die Welt, erkl\u00e4rt wird.<\/p>\n<p>Der Film, der\u00a0frei\u00a0auf der Geschichte von\u00a0Stanislao\u00a0Cobianchi\u00a0basiert, wurde von\u00a0zwei\u00a0italienischen\u00a0<strong>CRIC<\/strong>\u00a0\u2013Regisseuren\u00a0mit dem Schauspieler Alessandro Cremona in der Hauptrolle\u00a0inszeniert.\u00a0Der Film\u00a0erz\u00e4hlt\u00a0von\u00a0einem\u00a0modernen Helden\u00a0Ende\u00a0des 19. Jahrhunderts, einem\u00a0rebellischen\u00a0Genie, das auf seine kirchliche Karriere verzichtet und sich auf eine lange Reise durch unber\u00fchrte Orte, V\u00f6lker und Geschm\u00e4cker aus verschiedenen L\u00e4ndern begibt.<\/p>\n<p>Diese\u00a0Erfahrungen bringen ihn dazu, den\u00a0\u00a0echten\u00a0Geschmack zu entdecken,\u00a0den\u00a0Amaro Montenegro seit 1885 auszeichnet. Dank 40 aromatischen Kr\u00e4utern aus 4 Kontinenten, die nach einem komplexen Herstellungsverfahren ausgew\u00e4hlt und verarbeitet\u00a0werden, erreicht das urspr\u00fcngliche Geheimrezept seinen H\u00f6hepunkt mit der Mischung von 6 aromatischen Noten, zu denen \u2013 mit einem einzigen Tropfen pro Flasche \u2013 eine\u00a0weitere und wichtigste Geschmacksnote\u00a0hinzugef\u00fcgt wird,\u00a0namens\u00a0Premio.<\/p>\n<p>Die kreative \u00dcbersetzung dieser Eigenschaft wird symbolisch im Film\u00a0mit den\u00a0Tr\u00e4nen\u00a0der zuk\u00fcnftigen K\u00f6nigin Italiens, Elena von Montenegro, dargestellt,\u00a0der\u00a0Stanislaus den Namen seines Amaro widmet.<\/p>\n<p>\u201eDie neue Produktgeschichte\u00a0macht die\u00a0Entstehung von Amaro Montenegro auf der gro\u00dfen Leinwand mit den Augen seines Gr\u00fcnders\u00a0Stanislao\u00a0Cobianchi\u00a0lebendig. Dieser Film\u00a0passt zu dem erweiterten Weg, mit dem sich die Marke neu definieren will:\u00a0Schauen\u00a0wir\u00a0auf unsere Urspr\u00fcnge und\u00a0greifen\u00a0von dort aus\u00a0begeistert\u00a0in die Zukunft\u00a0\u201e\u2013\u00a0\u00a0kommentierte\u00a0<strong>\u00a0Marco Ferrari,\u00a0CEO von\u00a0Gruppo\u00a0Montenegro.\u00a0<\/strong><\/p>\n<p>\u201eDie Geschichte von\u00a0Stanislao\u00a0neu zu interpretieren, war f\u00fcr uns ein echtes Abenteuer, das von einem ph\u00e4nomenalen Team noch\u00a0besonderer\u00a0gemacht wurde: Stuart Greenwald und Alessandro\u00a0Belotti\u00a0im Schnitt, die unglaubliche Musik von Filippo Beretta, die au\u00dfergew\u00f6hnliche Interpretation von Alessandro Cremona, die grundlegende Unterst\u00fctzung von\u00a0Diaviva\u00a0und\u00a0die\u00a0vision\u00e4re\u00a0Vorgehensweise\u00a0der\u00a0Gruppe\u00a0Armando Testa. Ein besonderer Dank geht an Amaro Montenegro f\u00fcr seine wahre und aufregende Geschichte.\u201c\u2013\u00a0\u00a0sagen\u00a0<strong>\u00a0Clemente De\u00a0Muro<\/strong>\u00a0\u00a0und\u00a0\u00a0<strong>Davide\u00a0Mardegan<\/strong>\u00a0\u00a0von\u00a0\u00a0<strong>CRIC<\/strong>.<\/p>\n<p><strong>AMARO MONTENEGRO<\/strong><\/p>\n<p>1885 ruft der Naturheiler\u00a0Stanislao\u00a0Cobianchi\u00a0aus Bologna, nach langwierigen und leidenschaftlichen Experimenten, eines der ber\u00fchmtesten Symbole der italienischen Lik\u00f6rtradition, Amaro Montenegro, ins Leben.<\/p>\n<p>Ein wahrer Mythos, der seit mehr als 130 Jahren seine einzigartigen Eigenschaften beibeh\u00e4lt, die aus dem Amaro Montenegro einen der beliebtesten Lik\u00f6re der Italiener machen.\u00a0Eine Tradition, die sich auch in einer unver\u00e4nderten Flasche widerspiegelt, die in ihrer Ikonenform, Amaro Montenegro in den Jahren gekennzeichnet hat, indem sie nicht nur den Charakter, sondern auch den Geschmack des Lik\u00f6rs bestbeh\u00fctet erhalten hat.\u00a0Amaro Montenegro wird in der Tat bis heute gem\u00e4\u00df dem traditionellen Rezept produziert, das aus 40 Kr\u00e4utern, Gew\u00fcrzen und Zitrusfr\u00fcchten besteht, die weise ausgew\u00e4hlt und vermischt werden; es handelt sich hierbei um eine Formel und einen Prozess, die seit mehr als einem Jahrhundert geheim gehalten werden und dem Amaro Montenegro einen unverwechselbaren Geschmack und eine au\u00dferordentliche Komplexit\u00e4t verleihen.<\/p>\n<p>Dank dieser einzigartigen Eigenschaften des organoleptischen Profils, gilt Amaro Montenegro als eine au\u00dferordentliche und vielseitige Zutat f\u00fcr innovative Cocktails oder Twist der gro\u00dfen Klassiker, die in der italienischen und auch ausl\u00e4ndischen Szene der\u00a0Mixology\u00a0zu einem Trend geworden sind.<\/p>\n<p>Amaro Montenegro, der wahre Geschmack.<\/p>\n<p><strong>Informationen f\u00fcr die Presse\u00a0 <\/strong><\/p>\n<p><strong>Hill+Knowlton Strategies Milano<\/strong><\/p>\n<p>Fabiola Andriolo | <a href=\"mailto:cubasbagliato.comunicazione@gmail.com\">cubasbagliato.comunicazione@gmail.com<\/a><\/p>\n<p>M. +39 344 3443422<\/p>\n<p><strong>Montenegro SRL <\/strong><\/p>\n<p>Dir : Via Enrico Fermi, 4, 40069 Zola Predosa (BO) Italia<\/p>\n<p>M. +39 051 6170411 \u2013 Telefax +39 051 750571<\/p>\n<p>Dir: Via Tomba Forella, 3, 40068 San Lazzaro di Savena (BO) Italia<\/p>\n<p>M. +39 051 4997811 \u2013 Telefax +39 051 4997809<\/p>\n<p>R.E.A. BO n. 427680 Capitale Sociale Euro 57.000.000<\/p>\n<p>Reg. Imp. BO e C.F.: 12654600159 P.I.:\u00a0 IT 12654600159 N. Mecc. Estero BO 052366<\/p>\n<p><strong>Trinken Sie verantwortungsbewusst<\/strong><\/p>\n<p><strong>Hill+Knowlton Strategies<\/strong><\/p>\n<p>Via Paolo Lomazzo, 19<br \/>\n20154 Milano<br \/>\n<a href=\"mailto:hkitaly@hkstrategies.com\">hkitaly@hkstrategies.com<\/a><br \/>\nTel.\u00a0<strong>+39 02 319141<\/strong><\/p>\n","protected":false},"excerpt":{"rendered":"<p>PRESSEMITTEILUNG Mailand,\u00a0den\u00a06. Oktober 2017\u202f-\u00a0Amaro Montenegro\u202fpr\u00e4sentierte gestern die Vorschau auf den  &#8230;<\/p>\n","protected":false},"author":8,"featured_media":4212,"comment_status":"closed","ping_status":"closed","sticky":false,"template":"","format":"standard","meta":{"footnotes":""},"tags":[],"categoria-notizia":[91],"class_list":["post-4618","post","type-post","status-publish","format-standard","has-post-thumbnail","hentry","categoria-notizia-brands-de"],"yoast_head":"<!-- This site is optimized with the Yoast SEO plugin v27.1.1 - https:\/\/yoast.com\/product\/yoast-seo-wordpress\/ -->\n<title>Amaro Montenegro pr\u00e4sentiert \u201edie entdeckung des echten geschmacks\u201c Die abenteuerliche Geschichte des Gr\u00fcnders Stanislao Cobianchi lebt in dem Kurzfilm der CRIC-Regisseure wieder auf | Gruppo Montenegro<\/title>\n<meta name=\"description\" content=\"PRESSEMITTEILUNG Mailand,\u00a0den\u00a06. Oktober 2017\u202f-\u00a0Amaro Montenegro\u202fpr\u00e4sentierte gestern die Vorschau auf den Kurzfilm\u00a0\u201eDie Entdeckung\" \/>\n<meta name=\"robots\" content=\"index, follow, max-snippet:-1, max-image-preview:large, max-video-preview:-1\" \/>\n<link rel=\"canonical\" href=\"https:\/\/gruppomontenegro.com\/de\/amaro-montenegro-praesentiert-die-entdeckung-des-echten-geschmacks-die-abenteuerliche-geschichte-des-gruenders-stanislao-cobianchi-lebt-in-dem-kurzfilm-der-cric-regisseure-wieder-auf\/\" \/>\n<meta property=\"og:locale\" content=\"de_DE\" \/>\n<meta property=\"og:type\" content=\"article\" \/>\n<meta property=\"og:title\" content=\"Amaro Montenegro pr\u00e4sentiert \u201edie entdeckung des echten geschmacks\u201c Die abenteuerliche Geschichte des Gr\u00fcnders Stanislao Cobianchi lebt in dem Kurzfilm der CRIC-Regisseure wieder auf | Gruppo Montenegro\" \/>\n<meta property=\"og:description\" content=\"PRESSEMITTEILUNG Mailand,\u00a0den\u00a06. Oktober 2017\u202f-\u00a0Amaro Montenegro\u202fpr\u00e4sentierte gestern die Vorschau auf den Kurzfilm\u00a0\u201eDie Entdeckung\" \/>\n<meta property=\"og:url\" content=\"https:\/\/gruppomontenegro.com\/de\/amaro-montenegro-praesentiert-die-entdeckung-des-echten-geschmacks-die-abenteuerliche-geschichte-des-gruenders-stanislao-cobianchi-lebt-in-dem-kurzfilm-der-cric-regisseure-wieder-auf\/\" \/>\n<meta property=\"og:site_name\" content=\"Gruppo Montenegro\" \/>\n<meta property=\"article:published_time\" content=\"2017-10-06T05:23:16+00:00\" \/>\n<meta property=\"article:modified_time\" content=\"2022-12-20T10:57:18+00:00\" \/>\n<meta property=\"og:image\" content=\"https:\/\/gruppomontenegro.com\/wp-content\/uploads\/2022\/11\/Eventi-News-Cover-2.jpg\" \/>\n\t<meta property=\"og:image:width\" content=\"1200\" \/>\n\t<meta property=\"og:image:height\" content=\"550\" \/>\n\t<meta property=\"og:image:type\" content=\"image\/jpeg\" \/>\n<meta name=\"author\" content=\"Nowhere\" \/>\n<meta name=\"twitter:card\" content=\"summary_large_image\" \/>\n<script type=\"application\/ld+json\" class=\"yoast-schema-graph\">{\"@context\":\"https:\/\/schema.org\",\"@graph\":[{\"@type\":[\"Article\",\"BlogPosting\"],\"@id\":\"https:\/\/gruppomontenegro.com\/de\/amaro-montenegro-praesentiert-die-entdeckung-des-echten-geschmacks-die-abenteuerliche-geschichte-des-gruenders-stanislao-cobianchi-lebt-in-dem-kurzfilm-der-cric-regisseure-wieder-auf\/#article\",\"isPartOf\":{\"@id\":\"https:\/\/gruppomontenegro.com\/de\/amaro-montenegro-praesentiert-die-entdeckung-des-echten-geschmacks-die-abenteuerliche-geschichte-des-gruenders-stanislao-cobianchi-lebt-in-dem-kurzfilm-der-cric-regisseure-wieder-auf\/\"},\"author\":{\"name\":\"Nowhere\",\"@id\":\"https:\/\/gruppomontenegro.com\/de\/#\/schema\/person\/6f55260c43e9cf31873bebd738eccaa4\"},\"headline\":\"Amaro Montenegro pr\u00e4sentiert \u201edie entdeckung des echten geschmacks\u201c Die abenteuerliche Geschichte des Gr\u00fcnders Stanislao Cobianchi lebt in dem Kurzfilm der CRIC-Regisseure wieder auf\",\"datePublished\":\"2017-10-06T05:23:16+00:00\",\"dateModified\":\"2022-12-20T10:57:18+00:00\",\"mainEntityOfPage\":{\"@id\":\"https:\/\/gruppomontenegro.com\/de\/amaro-montenegro-praesentiert-die-entdeckung-des-echten-geschmacks-die-abenteuerliche-geschichte-des-gruenders-stanislao-cobianchi-lebt-in-dem-kurzfilm-der-cric-regisseure-wieder-auf\/\"},\"wordCount\":651,\"publisher\":{\"@id\":\"https:\/\/gruppomontenegro.com\/de\/#organization\"},\"image\":{\"@id\":\"https:\/\/gruppomontenegro.com\/de\/amaro-montenegro-praesentiert-die-entdeckung-des-echten-geschmacks-die-abenteuerliche-geschichte-des-gruenders-stanislao-cobianchi-lebt-in-dem-kurzfilm-der-cric-regisseure-wieder-auf\/#primaryimage\"},\"thumbnailUrl\":\"https:\/\/gruppomontenegro.com\/wp-content\/uploads\/2022\/11\/Eventi-News-Cover-2.jpg\",\"inLanguage\":\"de-DE\"},{\"@type\":\"WebPage\",\"@id\":\"https:\/\/gruppomontenegro.com\/de\/amaro-montenegro-praesentiert-die-entdeckung-des-echten-geschmacks-die-abenteuerliche-geschichte-des-gruenders-stanislao-cobianchi-lebt-in-dem-kurzfilm-der-cric-regisseure-wieder-auf\/\",\"url\":\"https:\/\/gruppomontenegro.com\/de\/amaro-montenegro-praesentiert-die-entdeckung-des-echten-geschmacks-die-abenteuerliche-geschichte-des-gruenders-stanislao-cobianchi-lebt-in-dem-kurzfilm-der-cric-regisseure-wieder-auf\/\",\"name\":\"Amaro Montenegro pr\u00e4sentiert \u201edie entdeckung des echten geschmacks\u201c Die abenteuerliche Geschichte des Gr\u00fcnders Stanislao Cobianchi lebt in dem Kurzfilm der CRIC-Regisseure wieder auf | Gruppo Montenegro\",\"isPartOf\":{\"@id\":\"https:\/\/gruppomontenegro.com\/de\/#website\"},\"primaryImageOfPage\":{\"@id\":\"https:\/\/gruppomontenegro.com\/de\/amaro-montenegro-praesentiert-die-entdeckung-des-echten-geschmacks-die-abenteuerliche-geschichte-des-gruenders-stanislao-cobianchi-lebt-in-dem-kurzfilm-der-cric-regisseure-wieder-auf\/#primaryimage\"},\"image\":{\"@id\":\"https:\/\/gruppomontenegro.com\/de\/amaro-montenegro-praesentiert-die-entdeckung-des-echten-geschmacks-die-abenteuerliche-geschichte-des-gruenders-stanislao-cobianchi-lebt-in-dem-kurzfilm-der-cric-regisseure-wieder-auf\/#primaryimage\"},\"thumbnailUrl\":\"https:\/\/gruppomontenegro.com\/wp-content\/uploads\/2022\/11\/Eventi-News-Cover-2.jpg\",\"datePublished\":\"2017-10-06T05:23:16+00:00\",\"dateModified\":\"2022-12-20T10:57:18+00:00\",\"description\":\"PRESSEMITTEILUNG Mailand,\u00a0den\u00a06. Oktober 2017\u202f-\u00a0Amaro Montenegro\u202fpr\u00e4sentierte gestern die Vorschau auf den Kurzfilm\u00a0\u201eDie Entdeckung\",\"breadcrumb\":{\"@id\":\"https:\/\/gruppomontenegro.com\/de\/amaro-montenegro-praesentiert-die-entdeckung-des-echten-geschmacks-die-abenteuerliche-geschichte-des-gruenders-stanislao-cobianchi-lebt-in-dem-kurzfilm-der-cric-regisseure-wieder-auf\/#breadcrumb\"},\"inLanguage\":\"de-DE\",\"potentialAction\":[{\"@type\":\"ReadAction\",\"target\":[\"https:\/\/gruppomontenegro.com\/de\/amaro-montenegro-praesentiert-die-entdeckung-des-echten-geschmacks-die-abenteuerliche-geschichte-des-gruenders-stanislao-cobianchi-lebt-in-dem-kurzfilm-der-cric-regisseure-wieder-auf\/\"]}]},{\"@type\":\"ImageObject\",\"inLanguage\":\"de-DE\",\"@id\":\"https:\/\/gruppomontenegro.com\/de\/amaro-montenegro-praesentiert-die-entdeckung-des-echten-geschmacks-die-abenteuerliche-geschichte-des-gruenders-stanislao-cobianchi-lebt-in-dem-kurzfilm-der-cric-regisseure-wieder-auf\/#primaryimage\",\"url\":\"https:\/\/gruppomontenegro.com\/wp-content\/uploads\/2022\/11\/Eventi-News-Cover-2.jpg\",\"contentUrl\":\"https:\/\/gruppomontenegro.com\/wp-content\/uploads\/2022\/11\/Eventi-News-Cover-2.jpg\",\"width\":1200,\"height\":550},{\"@type\":\"BreadcrumbList\",\"@id\":\"https:\/\/gruppomontenegro.com\/de\/amaro-montenegro-praesentiert-die-entdeckung-des-echten-geschmacks-die-abenteuerliche-geschichte-des-gruenders-stanislao-cobianchi-lebt-in-dem-kurzfilm-der-cric-regisseure-wieder-auf\/#breadcrumb\",\"itemListElement\":[{\"@type\":\"ListItem\",\"position\":1,\"name\":\"Home\",\"item\":\"https:\/\/gruppomontenegro.com\/de\/\"},{\"@type\":\"ListItem\",\"position\":2,\"name\":\"Amaro Montenegro pr\u00e4sentiert \u201edie entdeckung des echten geschmacks\u201c Die abenteuerliche Geschichte des Gr\u00fcnders Stanislao Cobianchi lebt in dem Kurzfilm der CRIC-Regisseure wieder auf\"}]},{\"@type\":\"WebSite\",\"@id\":\"https:\/\/gruppomontenegro.com\/de\/#website\",\"url\":\"https:\/\/gruppomontenegro.com\/de\/\",\"name\":\"Gruppo Montenegro\",\"description\":\"\",\"publisher\":{\"@id\":\"https:\/\/gruppomontenegro.com\/de\/#organization\"},\"potentialAction\":[{\"@type\":\"SearchAction\",\"target\":{\"@type\":\"EntryPoint\",\"urlTemplate\":\"https:\/\/gruppomontenegro.com\/de\/?s={search_term_string}\"},\"query-input\":{\"@type\":\"PropertyValueSpecification\",\"valueRequired\":true,\"valueName\":\"search_term_string\"}}],\"inLanguage\":\"de-DE\"},{\"@type\":\"Organization\",\"@id\":\"https:\/\/gruppomontenegro.com\/de\/#organization\",\"name\":\"Gruppo Montenegro\",\"url\":\"https:\/\/gruppomontenegro.com\/de\/\",\"logo\":{\"@type\":\"ImageObject\",\"inLanguage\":\"de-DE\",\"@id\":\"https:\/\/gruppomontenegro.com\/de\/#\/schema\/logo\/image\/\",\"url\":\"https:\/\/gruppomontenegro.com\/wp-content\/uploads\/2022\/12\/logo-montenegro.jpg\",\"contentUrl\":\"https:\/\/gruppomontenegro.com\/wp-content\/uploads\/2022\/12\/logo-montenegro.jpg\",\"width\":300,\"height\":200,\"caption\":\"Gruppo Montenegro\"},\"image\":{\"@id\":\"https:\/\/gruppomontenegro.com\/de\/#\/schema\/logo\/image\/\"}},{\"@type\":\"Person\",\"@id\":\"https:\/\/gruppomontenegro.com\/de\/#\/schema\/person\/6f55260c43e9cf31873bebd738eccaa4\",\"name\":\"Nowhere\"}]}<\/script>\n<!-- \/ Yoast SEO plugin. -->","yoast_head_json":{"title":"Amaro Montenegro pr\u00e4sentiert \u201edie entdeckung des echten geschmacks\u201c Die abenteuerliche Geschichte des Gr\u00fcnders Stanislao Cobianchi lebt in dem Kurzfilm der CRIC-Regisseure wieder auf | Gruppo Montenegro","description":"PRESSEMITTEILUNG Mailand,\u00a0den\u00a06. Oktober 2017\u202f-\u00a0Amaro Montenegro\u202fpr\u00e4sentierte gestern die Vorschau auf den Kurzfilm\u00a0\u201eDie Entdeckung","robots":{"index":"index","follow":"follow","max-snippet":"max-snippet:-1","max-image-preview":"max-image-preview:large","max-video-preview":"max-video-preview:-1"},"canonical":"https:\/\/gruppomontenegro.com\/de\/amaro-montenegro-praesentiert-die-entdeckung-des-echten-geschmacks-die-abenteuerliche-geschichte-des-gruenders-stanislao-cobianchi-lebt-in-dem-kurzfilm-der-cric-regisseure-wieder-auf\/","og_locale":"de_DE","og_type":"article","og_title":"Amaro Montenegro pr\u00e4sentiert \u201edie entdeckung des echten geschmacks\u201c Die abenteuerliche Geschichte des Gr\u00fcnders Stanislao Cobianchi lebt in dem Kurzfilm der CRIC-Regisseure wieder auf | Gruppo Montenegro","og_description":"PRESSEMITTEILUNG Mailand,\u00a0den\u00a06. Oktober 2017\u202f-\u00a0Amaro Montenegro\u202fpr\u00e4sentierte gestern die Vorschau auf den Kurzfilm\u00a0\u201eDie Entdeckung","og_url":"https:\/\/gruppomontenegro.com\/de\/amaro-montenegro-praesentiert-die-entdeckung-des-echten-geschmacks-die-abenteuerliche-geschichte-des-gruenders-stanislao-cobianchi-lebt-in-dem-kurzfilm-der-cric-regisseure-wieder-auf\/","og_site_name":"Gruppo Montenegro","article_published_time":"2017-10-06T05:23:16+00:00","article_modified_time":"2022-12-20T10:57:18+00:00","og_image":[{"width":1200,"height":550,"url":"https:\/\/gruppomontenegro.com\/wp-content\/uploads\/2022\/11\/Eventi-News-Cover-2.jpg","type":"image\/jpeg"}],"author":"Nowhere","twitter_card":"summary_large_image","schema":{"@context":"https:\/\/schema.org","@graph":[{"@type":["Article","BlogPosting"],"@id":"https:\/\/gruppomontenegro.com\/de\/amaro-montenegro-praesentiert-die-entdeckung-des-echten-geschmacks-die-abenteuerliche-geschichte-des-gruenders-stanislao-cobianchi-lebt-in-dem-kurzfilm-der-cric-regisseure-wieder-auf\/#article","isPartOf":{"@id":"https:\/\/gruppomontenegro.com\/de\/amaro-montenegro-praesentiert-die-entdeckung-des-echten-geschmacks-die-abenteuerliche-geschichte-des-gruenders-stanislao-cobianchi-lebt-in-dem-kurzfilm-der-cric-regisseure-wieder-auf\/"},"author":{"name":"Nowhere","@id":"https:\/\/gruppomontenegro.com\/de\/#\/schema\/person\/6f55260c43e9cf31873bebd738eccaa4"},"headline":"Amaro Montenegro pr\u00e4sentiert \u201edie entdeckung des echten geschmacks\u201c Die abenteuerliche Geschichte des Gr\u00fcnders Stanislao Cobianchi lebt in dem Kurzfilm der CRIC-Regisseure wieder auf","datePublished":"2017-10-06T05:23:16+00:00","dateModified":"2022-12-20T10:57:18+00:00","mainEntityOfPage":{"@id":"https:\/\/gruppomontenegro.com\/de\/amaro-montenegro-praesentiert-die-entdeckung-des-echten-geschmacks-die-abenteuerliche-geschichte-des-gruenders-stanislao-cobianchi-lebt-in-dem-kurzfilm-der-cric-regisseure-wieder-auf\/"},"wordCount":651,"publisher":{"@id":"https:\/\/gruppomontenegro.com\/de\/#organization"},"image":{"@id":"https:\/\/gruppomontenegro.com\/de\/amaro-montenegro-praesentiert-die-entdeckung-des-echten-geschmacks-die-abenteuerliche-geschichte-des-gruenders-stanislao-cobianchi-lebt-in-dem-kurzfilm-der-cric-regisseure-wieder-auf\/#primaryimage"},"thumbnailUrl":"https:\/\/gruppomontenegro.com\/wp-content\/uploads\/2022\/11\/Eventi-News-Cover-2.jpg","inLanguage":"de-DE"},{"@type":"WebPage","@id":"https:\/\/gruppomontenegro.com\/de\/amaro-montenegro-praesentiert-die-entdeckung-des-echten-geschmacks-die-abenteuerliche-geschichte-des-gruenders-stanislao-cobianchi-lebt-in-dem-kurzfilm-der-cric-regisseure-wieder-auf\/","url":"https:\/\/gruppomontenegro.com\/de\/amaro-montenegro-praesentiert-die-entdeckung-des-echten-geschmacks-die-abenteuerliche-geschichte-des-gruenders-stanislao-cobianchi-lebt-in-dem-kurzfilm-der-cric-regisseure-wieder-auf\/","name":"Amaro Montenegro pr\u00e4sentiert \u201edie entdeckung des echten geschmacks\u201c Die abenteuerliche Geschichte des Gr\u00fcnders Stanislao Cobianchi lebt in dem Kurzfilm der CRIC-Regisseure wieder auf | Gruppo Montenegro","isPartOf":{"@id":"https:\/\/gruppomontenegro.com\/de\/#website"},"primaryImageOfPage":{"@id":"https:\/\/gruppomontenegro.com\/de\/amaro-montenegro-praesentiert-die-entdeckung-des-echten-geschmacks-die-abenteuerliche-geschichte-des-gruenders-stanislao-cobianchi-lebt-in-dem-kurzfilm-der-cric-regisseure-wieder-auf\/#primaryimage"},"image":{"@id":"https:\/\/gruppomontenegro.com\/de\/amaro-montenegro-praesentiert-die-entdeckung-des-echten-geschmacks-die-abenteuerliche-geschichte-des-gruenders-stanislao-cobianchi-lebt-in-dem-kurzfilm-der-cric-regisseure-wieder-auf\/#primaryimage"},"thumbnailUrl":"https:\/\/gruppomontenegro.com\/wp-content\/uploads\/2022\/11\/Eventi-News-Cover-2.jpg","datePublished":"2017-10-06T05:23:16+00:00","dateModified":"2022-12-20T10:57:18+00:00","description":"PRESSEMITTEILUNG Mailand,\u00a0den\u00a06. Oktober 2017\u202f-\u00a0Amaro Montenegro\u202fpr\u00e4sentierte gestern die Vorschau auf den Kurzfilm\u00a0\u201eDie Entdeckung","breadcrumb":{"@id":"https:\/\/gruppomontenegro.com\/de\/amaro-montenegro-praesentiert-die-entdeckung-des-echten-geschmacks-die-abenteuerliche-geschichte-des-gruenders-stanislao-cobianchi-lebt-in-dem-kurzfilm-der-cric-regisseure-wieder-auf\/#breadcrumb"},"inLanguage":"de-DE","potentialAction":[{"@type":"ReadAction","target":["https:\/\/gruppomontenegro.com\/de\/amaro-montenegro-praesentiert-die-entdeckung-des-echten-geschmacks-die-abenteuerliche-geschichte-des-gruenders-stanislao-cobianchi-lebt-in-dem-kurzfilm-der-cric-regisseure-wieder-auf\/"]}]},{"@type":"ImageObject","inLanguage":"de-DE","@id":"https:\/\/gruppomontenegro.com\/de\/amaro-montenegro-praesentiert-die-entdeckung-des-echten-geschmacks-die-abenteuerliche-geschichte-des-gruenders-stanislao-cobianchi-lebt-in-dem-kurzfilm-der-cric-regisseure-wieder-auf\/#primaryimage","url":"https:\/\/gruppomontenegro.com\/wp-content\/uploads\/2022\/11\/Eventi-News-Cover-2.jpg","contentUrl":"https:\/\/gruppomontenegro.com\/wp-content\/uploads\/2022\/11\/Eventi-News-Cover-2.jpg","width":1200,"height":550},{"@type":"BreadcrumbList","@id":"https:\/\/gruppomontenegro.com\/de\/amaro-montenegro-praesentiert-die-entdeckung-des-echten-geschmacks-die-abenteuerliche-geschichte-des-gruenders-stanislao-cobianchi-lebt-in-dem-kurzfilm-der-cric-regisseure-wieder-auf\/#breadcrumb","itemListElement":[{"@type":"ListItem","position":1,"name":"Home","item":"https:\/\/gruppomontenegro.com\/de\/"},{"@type":"ListItem","position":2,"name":"Amaro Montenegro pr\u00e4sentiert \u201edie entdeckung des echten geschmacks\u201c Die abenteuerliche Geschichte des Gr\u00fcnders Stanislao Cobianchi lebt in dem Kurzfilm der CRIC-Regisseure wieder auf"}]},{"@type":"WebSite","@id":"https:\/\/gruppomontenegro.com\/de\/#website","url":"https:\/\/gruppomontenegro.com\/de\/","name":"Gruppo Montenegro","description":"","publisher":{"@id":"https:\/\/gruppomontenegro.com\/de\/#organization"},"potentialAction":[{"@type":"SearchAction","target":{"@type":"EntryPoint","urlTemplate":"https:\/\/gruppomontenegro.com\/de\/?s={search_term_string}"},"query-input":{"@type":"PropertyValueSpecification","valueRequired":true,"valueName":"search_term_string"}}],"inLanguage":"de-DE"},{"@type":"Organization","@id":"https:\/\/gruppomontenegro.com\/de\/#organization","name":"Gruppo Montenegro","url":"https:\/\/gruppomontenegro.com\/de\/","logo":{"@type":"ImageObject","inLanguage":"de-DE","@id":"https:\/\/gruppomontenegro.com\/de\/#\/schema\/logo\/image\/","url":"https:\/\/gruppomontenegro.com\/wp-content\/uploads\/2022\/12\/logo-montenegro.jpg","contentUrl":"https:\/\/gruppomontenegro.com\/wp-content\/uploads\/2022\/12\/logo-montenegro.jpg","width":300,"height":200,"caption":"Gruppo Montenegro"},"image":{"@id":"https:\/\/gruppomontenegro.com\/de\/#\/schema\/logo\/image\/"}},{"@type":"Person","@id":"https:\/\/gruppomontenegro.com\/de\/#\/schema\/person\/6f55260c43e9cf31873bebd738eccaa4","name":"Nowhere"}]}},"_links":{"self":[{"href":"https:\/\/gruppomontenegro.com\/de\/wp-json\/wp\/v2\/posts\/4618","targetHints":{"allow":["GET"]}}],"collection":[{"href":"https:\/\/gruppomontenegro.com\/de\/wp-json\/wp\/v2\/posts"}],"about":[{"href":"https:\/\/gruppomontenegro.com\/de\/wp-json\/wp\/v2\/types\/post"}],"author":[{"embeddable":true,"href":"https:\/\/gruppomontenegro.com\/de\/wp-json\/wp\/v2\/users\/8"}],"replies":[{"embeddable":true,"href":"https:\/\/gruppomontenegro.com\/de\/wp-json\/wp\/v2\/comments?post=4618"}],"version-history":[{"count":0,"href":"https:\/\/gruppomontenegro.com\/de\/wp-json\/wp\/v2\/posts\/4618\/revisions"}],"wp:featuredmedia":[{"embeddable":true,"href":"https:\/\/gruppomontenegro.com\/de\/wp-json\/wp\/v2\/media\/4212"}],"wp:attachment":[{"href":"https:\/\/gruppomontenegro.com\/de\/wp-json\/wp\/v2\/media?parent=4618"}],"wp:term":[{"taxonomy":"post_tag","embeddable":true,"href":"https:\/\/gruppomontenegro.com\/de\/wp-json\/wp\/v2\/tags?post=4618"},{"taxonomy":"categoria-notizia","embeddable":true,"href":"https:\/\/gruppomontenegro.com\/de\/wp-json\/wp\/v2\/categoria-notizia?post=4618"}],"curies":[{"name":"wp","href":"https:\/\/api.w.org\/{rel}","templated":true}]}}