{"id":4601,"date":"2018-07-20T18:50:08","date_gmt":"2018-07-20T16:50:08","guid":{"rendered":"https:\/\/gruppomontenegro.com\/gestione-del-processo-produttivo\/"},"modified":"2023-01-03T15:12:15","modified_gmt":"2023-01-03T14:12:15","slug":"verwaltung-des-produktionsprozesses","status":"publish","type":"post","link":"https:\/\/gruppomontenegro.com\/de\/verwaltung-des-produktionsprozesses\/","title":{"rendered":"Verwaltung des Produktionsprozesses"},"content":{"rendered":"<p>Die Produktionsst\u00e4tten von Gruppo Montenegro haben in Hinsicht auf die Produkteigenschaften und die Verarbeitungsprozesse keine besonders kritischen Auswirkungen auf die Umwelt.<\/p>\n<div id=\"read1048744262\" class=\"read_div\">Dennoch <strong>hat das Unternehmen jede Produktionsst\u00e4tte mit einem Umweltmanagementsystem ausgestattet,\u00a0<\/strong>das nicht nur die Einhaltung der gesetzlichen Vorschriften, sondern auch die sehr effiziente Kontrolle der wichtigsten Indikatoren erm\u00f6glicht, um die Auswirkungen der Gruppe auf die Umwelt zu ermitteln.<strong>Die Umweltmanagementsysteme werden einer j\u00e4hrlichen Kontrolle<\/strong>\u00a0zur Zertifizierung gem\u00e4\u00df ISO 14001 von Seiten einer externen K\u00f6rperschaft unterzogen, um die konstante Einhaltung der freiwilligen Zertifizierungsnormen und die Erlangung der Verbesserungsziele zu \u00fcberpr\u00fcfen.<\/p>\n<\/div>\n","protected":false},"excerpt":{"rendered":"<p>Die Produktionsst\u00e4tten von Gruppo Montenegro haben in Hinsicht auf die  &#8230;<\/p>\n","protected":false},"author":5,"featured_media":4122,"comment_status":"closed","ping_status":"closed","sticky":false,"template":"","format":"standard","meta":{"footnotes":""},"tags":[],"categoria-notizia":[89,107],"class_list":["post-4601","post","type-post","status-publish","format-standard","has-post-thumbnail","hentry","categoria-notizia-die-gruppe","categoria-notizia-planet-de"],"yoast_head":"<!-- This site is optimized with the Yoast SEO plugin v27.1.1 - https:\/\/yoast.com\/product\/yoast-seo-wordpress\/ -->\n<title>Verwaltung des Produktionsprozesses | Gruppo Montenegro<\/title>\n<meta name=\"description\" content=\"Die Produktionsst\u00e4tten von Gruppo Montenegro haben in Hinsicht auf die Produkteigenschaften und die Verarbeitungsprozesse keine besonders kritischen\" \/>\n<meta name=\"robots\" content=\"index, follow, max-snippet:-1, max-image-preview:large, max-video-preview:-1\" \/>\n<link rel=\"canonical\" href=\"https:\/\/gruppomontenegro.com\/de\/verwaltung-des-produktionsprozesses\/\" \/>\n<meta property=\"og:locale\" content=\"de_DE\" \/>\n<meta property=\"og:type\" content=\"article\" \/>\n<meta property=\"og:title\" content=\"Verwaltung des Produktionsprozesses | Gruppo Montenegro\" \/>\n<meta property=\"og:description\" content=\"Die Produktionsst\u00e4tten von Gruppo Montenegro haben in Hinsicht auf die Produkteigenschaften und die Verarbeitungsprozesse keine besonders kritischen\" \/>\n<meta property=\"og:url\" content=\"https:\/\/gruppomontenegro.com\/de\/verwaltung-des-produktionsprozesses\/\" \/>\n<meta property=\"og:site_name\" content=\"Gruppo Montenegro\" \/>\n<meta property=\"article:published_time\" content=\"2018-07-20T16:50:08+00:00\" \/>\n<meta property=\"article:modified_time\" content=\"2023-01-03T14:12:15+00:00\" \/>\n<meta property=\"og:image\" content=\"https:\/\/gruppomontenegro.com\/wp-content\/uploads\/2022\/10\/P1160146.jpg\" \/>\n\t<meta property=\"og:image:width\" content=\"710\" \/>\n\t<meta property=\"og:image:height\" content=\"375\" \/>\n\t<meta property=\"og:image:type\" content=\"image\/jpeg\" \/>\n<meta name=\"author\" content=\"Fabio\" \/>\n<meta name=\"twitter:card\" content=\"summary_large_image\" \/>\n<script type=\"application\/ld+json\" class=\"yoast-schema-graph\">{\"@context\":\"https:\/\/schema.org\",\"@graph\":[{\"@type\":[\"Article\",\"BlogPosting\"],\"@id\":\"https:\/\/gruppomontenegro.com\/de\/verwaltung-des-produktionsprozesses\/#article\",\"isPartOf\":{\"@id\":\"https:\/\/gruppomontenegro.com\/de\/verwaltung-des-produktionsprozesses\/\"},\"author\":{\"name\":\"Fabio\",\"@id\":\"https:\/\/gruppomontenegro.com\/de\/#\/schema\/person\/9be24917d563ded4ca844fbc96a8df7a\"},\"headline\":\"Verwaltung des Produktionsprozesses\",\"datePublished\":\"2018-07-20T16:50:08+00:00\",\"dateModified\":\"2023-01-03T14:12:15+00:00\",\"mainEntityOfPage\":{\"@id\":\"https:\/\/gruppomontenegro.com\/de\/verwaltung-des-produktionsprozesses\/\"},\"wordCount\":98,\"publisher\":{\"@id\":\"https:\/\/gruppomontenegro.com\/de\/#organization\"},\"image\":{\"@id\":\"https:\/\/gruppomontenegro.com\/de\/verwaltung-des-produktionsprozesses\/#primaryimage\"},\"thumbnailUrl\":\"https:\/\/gruppomontenegro.com\/wp-content\/uploads\/2022\/10\/P1160146.jpg\",\"inLanguage\":\"de-DE\"},{\"@type\":\"WebPage\",\"@id\":\"https:\/\/gruppomontenegro.com\/de\/verwaltung-des-produktionsprozesses\/\",\"url\":\"https:\/\/gruppomontenegro.com\/de\/verwaltung-des-produktionsprozesses\/\",\"name\":\"Verwaltung des Produktionsprozesses | Gruppo Montenegro\",\"isPartOf\":{\"@id\":\"https:\/\/gruppomontenegro.com\/de\/#website\"},\"primaryImageOfPage\":{\"@id\":\"https:\/\/gruppomontenegro.com\/de\/verwaltung-des-produktionsprozesses\/#primaryimage\"},\"image\":{\"@id\":\"https:\/\/gruppomontenegro.com\/de\/verwaltung-des-produktionsprozesses\/#primaryimage\"},\"thumbnailUrl\":\"https:\/\/gruppomontenegro.com\/wp-content\/uploads\/2022\/10\/P1160146.jpg\",\"datePublished\":\"2018-07-20T16:50:08+00:00\",\"dateModified\":\"2023-01-03T14:12:15+00:00\",\"description\":\"Die Produktionsst\u00e4tten von Gruppo Montenegro haben in Hinsicht auf die Produkteigenschaften und die Verarbeitungsprozesse keine besonders kritischen\",\"breadcrumb\":{\"@id\":\"https:\/\/gruppomontenegro.com\/de\/verwaltung-des-produktionsprozesses\/#breadcrumb\"},\"inLanguage\":\"de-DE\",\"potentialAction\":[{\"@type\":\"ReadAction\",\"target\":[\"https:\/\/gruppomontenegro.com\/de\/verwaltung-des-produktionsprozesses\/\"]}]},{\"@type\":\"ImageObject\",\"inLanguage\":\"de-DE\",\"@id\":\"https:\/\/gruppomontenegro.com\/de\/verwaltung-des-produktionsprozesses\/#primaryimage\",\"url\":\"https:\/\/gruppomontenegro.com\/wp-content\/uploads\/2022\/10\/P1160146.jpg\",\"contentUrl\":\"https:\/\/gruppomontenegro.com\/wp-content\/uploads\/2022\/10\/P1160146.jpg\",\"width\":710,\"height\":375},{\"@type\":\"BreadcrumbList\",\"@id\":\"https:\/\/gruppomontenegro.com\/de\/verwaltung-des-produktionsprozesses\/#breadcrumb\",\"itemListElement\":[{\"@type\":\"ListItem\",\"position\":1,\"name\":\"Home\",\"item\":\"https:\/\/gruppomontenegro.com\/de\/\"},{\"@type\":\"ListItem\",\"position\":2,\"name\":\"Verwaltung des Produktionsprozesses\"}]},{\"@type\":\"WebSite\",\"@id\":\"https:\/\/gruppomontenegro.com\/de\/#website\",\"url\":\"https:\/\/gruppomontenegro.com\/de\/\",\"name\":\"Gruppo Montenegro\",\"description\":\"\",\"publisher\":{\"@id\":\"https:\/\/gruppomontenegro.com\/de\/#organization\"},\"potentialAction\":[{\"@type\":\"SearchAction\",\"target\":{\"@type\":\"EntryPoint\",\"urlTemplate\":\"https:\/\/gruppomontenegro.com\/de\/?s={search_term_string}\"},\"query-input\":{\"@type\":\"PropertyValueSpecification\",\"valueRequired\":true,\"valueName\":\"search_term_string\"}}],\"inLanguage\":\"de-DE\"},{\"@type\":\"Organization\",\"@id\":\"https:\/\/gruppomontenegro.com\/de\/#organization\",\"name\":\"Gruppo Montenegro\",\"url\":\"https:\/\/gruppomontenegro.com\/de\/\",\"logo\":{\"@type\":\"ImageObject\",\"inLanguage\":\"de-DE\",\"@id\":\"https:\/\/gruppomontenegro.com\/de\/#\/schema\/logo\/image\/\",\"url\":\"https:\/\/gruppomontenegro.com\/wp-content\/uploads\/2022\/12\/logo-montenegro.jpg\",\"contentUrl\":\"https:\/\/gruppomontenegro.com\/wp-content\/uploads\/2022\/12\/logo-montenegro.jpg\",\"width\":300,\"height\":200,\"caption\":\"Gruppo Montenegro\"},\"image\":{\"@id\":\"https:\/\/gruppomontenegro.com\/de\/#\/schema\/logo\/image\/\"}},{\"@type\":\"Person\",\"@id\":\"https:\/\/gruppomontenegro.com\/de\/#\/schema\/person\/9be24917d563ded4ca844fbc96a8df7a\",\"name\":\"Fabio\"}]}<\/script>\n<!-- \/ Yoast SEO plugin. -->","yoast_head_json":{"title":"Verwaltung des Produktionsprozesses | Gruppo Montenegro","description":"Die Produktionsst\u00e4tten von Gruppo Montenegro haben in Hinsicht auf die Produkteigenschaften und die Verarbeitungsprozesse keine besonders kritischen","robots":{"index":"index","follow":"follow","max-snippet":"max-snippet:-1","max-image-preview":"max-image-preview:large","max-video-preview":"max-video-preview:-1"},"canonical":"https:\/\/gruppomontenegro.com\/de\/verwaltung-des-produktionsprozesses\/","og_locale":"de_DE","og_type":"article","og_title":"Verwaltung des Produktionsprozesses | Gruppo Montenegro","og_description":"Die Produktionsst\u00e4tten von Gruppo Montenegro haben in Hinsicht auf die Produkteigenschaften und die Verarbeitungsprozesse keine besonders kritischen","og_url":"https:\/\/gruppomontenegro.com\/de\/verwaltung-des-produktionsprozesses\/","og_site_name":"Gruppo Montenegro","article_published_time":"2018-07-20T16:50:08+00:00","article_modified_time":"2023-01-03T14:12:15+00:00","og_image":[{"width":710,"height":375,"url":"https:\/\/gruppomontenegro.com\/wp-content\/uploads\/2022\/10\/P1160146.jpg","type":"image\/jpeg"}],"author":"Fabio","twitter_card":"summary_large_image","schema":{"@context":"https:\/\/schema.org","@graph":[{"@type":["Article","BlogPosting"],"@id":"https:\/\/gruppomontenegro.com\/de\/verwaltung-des-produktionsprozesses\/#article","isPartOf":{"@id":"https:\/\/gruppomontenegro.com\/de\/verwaltung-des-produktionsprozesses\/"},"author":{"name":"Fabio","@id":"https:\/\/gruppomontenegro.com\/de\/#\/schema\/person\/9be24917d563ded4ca844fbc96a8df7a"},"headline":"Verwaltung des Produktionsprozesses","datePublished":"2018-07-20T16:50:08+00:00","dateModified":"2023-01-03T14:12:15+00:00","mainEntityOfPage":{"@id":"https:\/\/gruppomontenegro.com\/de\/verwaltung-des-produktionsprozesses\/"},"wordCount":98,"publisher":{"@id":"https:\/\/gruppomontenegro.com\/de\/#organization"},"image":{"@id":"https:\/\/gruppomontenegro.com\/de\/verwaltung-des-produktionsprozesses\/#primaryimage"},"thumbnailUrl":"https:\/\/gruppomontenegro.com\/wp-content\/uploads\/2022\/10\/P1160146.jpg","inLanguage":"de-DE"},{"@type":"WebPage","@id":"https:\/\/gruppomontenegro.com\/de\/verwaltung-des-produktionsprozesses\/","url":"https:\/\/gruppomontenegro.com\/de\/verwaltung-des-produktionsprozesses\/","name":"Verwaltung des Produktionsprozesses | Gruppo Montenegro","isPartOf":{"@id":"https:\/\/gruppomontenegro.com\/de\/#website"},"primaryImageOfPage":{"@id":"https:\/\/gruppomontenegro.com\/de\/verwaltung-des-produktionsprozesses\/#primaryimage"},"image":{"@id":"https:\/\/gruppomontenegro.com\/de\/verwaltung-des-produktionsprozesses\/#primaryimage"},"thumbnailUrl":"https:\/\/gruppomontenegro.com\/wp-content\/uploads\/2022\/10\/P1160146.jpg","datePublished":"2018-07-20T16:50:08+00:00","dateModified":"2023-01-03T14:12:15+00:00","description":"Die Produktionsst\u00e4tten von Gruppo Montenegro haben in Hinsicht auf die Produkteigenschaften und die Verarbeitungsprozesse keine besonders kritischen","breadcrumb":{"@id":"https:\/\/gruppomontenegro.com\/de\/verwaltung-des-produktionsprozesses\/#breadcrumb"},"inLanguage":"de-DE","potentialAction":[{"@type":"ReadAction","target":["https:\/\/gruppomontenegro.com\/de\/verwaltung-des-produktionsprozesses\/"]}]},{"@type":"ImageObject","inLanguage":"de-DE","@id":"https:\/\/gruppomontenegro.com\/de\/verwaltung-des-produktionsprozesses\/#primaryimage","url":"https:\/\/gruppomontenegro.com\/wp-content\/uploads\/2022\/10\/P1160146.jpg","contentUrl":"https:\/\/gruppomontenegro.com\/wp-content\/uploads\/2022\/10\/P1160146.jpg","width":710,"height":375},{"@type":"BreadcrumbList","@id":"https:\/\/gruppomontenegro.com\/de\/verwaltung-des-produktionsprozesses\/#breadcrumb","itemListElement":[{"@type":"ListItem","position":1,"name":"Home","item":"https:\/\/gruppomontenegro.com\/de\/"},{"@type":"ListItem","position":2,"name":"Verwaltung des Produktionsprozesses"}]},{"@type":"WebSite","@id":"https:\/\/gruppomontenegro.com\/de\/#website","url":"https:\/\/gruppomontenegro.com\/de\/","name":"Gruppo Montenegro","description":"","publisher":{"@id":"https:\/\/gruppomontenegro.com\/de\/#organization"},"potentialAction":[{"@type":"SearchAction","target":{"@type":"EntryPoint","urlTemplate":"https:\/\/gruppomontenegro.com\/de\/?s={search_term_string}"},"query-input":{"@type":"PropertyValueSpecification","valueRequired":true,"valueName":"search_term_string"}}],"inLanguage":"de-DE"},{"@type":"Organization","@id":"https:\/\/gruppomontenegro.com\/de\/#organization","name":"Gruppo Montenegro","url":"https:\/\/gruppomontenegro.com\/de\/","logo":{"@type":"ImageObject","inLanguage":"de-DE","@id":"https:\/\/gruppomontenegro.com\/de\/#\/schema\/logo\/image\/","url":"https:\/\/gruppomontenegro.com\/wp-content\/uploads\/2022\/12\/logo-montenegro.jpg","contentUrl":"https:\/\/gruppomontenegro.com\/wp-content\/uploads\/2022\/12\/logo-montenegro.jpg","width":300,"height":200,"caption":"Gruppo Montenegro"},"image":{"@id":"https:\/\/gruppomontenegro.com\/de\/#\/schema\/logo\/image\/"}},{"@type":"Person","@id":"https:\/\/gruppomontenegro.com\/de\/#\/schema\/person\/9be24917d563ded4ca844fbc96a8df7a","name":"Fabio"}]}},"_links":{"self":[{"href":"https:\/\/gruppomontenegro.com\/de\/wp-json\/wp\/v2\/posts\/4601","targetHints":{"allow":["GET"]}}],"collection":[{"href":"https:\/\/gruppomontenegro.com\/de\/wp-json\/wp\/v2\/posts"}],"about":[{"href":"https:\/\/gruppomontenegro.com\/de\/wp-json\/wp\/v2\/types\/post"}],"author":[{"embeddable":true,"href":"https:\/\/gruppomontenegro.com\/de\/wp-json\/wp\/v2\/users\/5"}],"replies":[{"embeddable":true,"href":"https:\/\/gruppomontenegro.com\/de\/wp-json\/wp\/v2\/comments?post=4601"}],"version-history":[{"count":0,"href":"https:\/\/gruppomontenegro.com\/de\/wp-json\/wp\/v2\/posts\/4601\/revisions"}],"wp:featuredmedia":[{"embeddable":true,"href":"https:\/\/gruppomontenegro.com\/de\/wp-json\/wp\/v2\/media\/4122"}],"wp:attachment":[{"href":"https:\/\/gruppomontenegro.com\/de\/wp-json\/wp\/v2\/media?parent=4601"}],"wp:term":[{"taxonomy":"post_tag","embeddable":true,"href":"https:\/\/gruppomontenegro.com\/de\/wp-json\/wp\/v2\/tags?post=4601"},{"taxonomy":"categoria-notizia","embeddable":true,"href":"https:\/\/gruppomontenegro.com\/de\/wp-json\/wp\/v2\/categoria-notizia?post=4601"}],"curies":[{"name":"wp","href":"https:\/\/api.w.org\/{rel}","templated":true}]}}