{"id":4534,"date":"2020-04-21T09:01:57","date_gmt":"2020-04-21T07:01:57","guid":{"rendered":"https:\/\/gruppomontenegro.com\/il-consumo-di-infusi-e-tisane-decolla-con-la-quarantena\/"},"modified":"2022-12-20T08:08:34","modified_gmt":"2022-12-20T07:08:34","slug":"der-verbrauch-von-tees-und-aufguessen-erlebt-mit-der-quarantaene-grossen-aufschwung","status":"publish","type":"post","link":"https:\/\/gruppomontenegro.com\/de\/der-verbrauch-von-tees-und-aufguessen-erlebt-mit-der-quarantaene-grossen-aufschwung\/","title":{"rendered":"Der Verbrauch von Tees und Aufg\u00fcssen erlebt mit der Quarant\u00e4ne gro\u00dfen Aufschwung"},"content":{"rendered":"<p>In Italien w\u00e4chst der Kr\u00e4uterteemarkt, auch infolge der aktuellen vom Coronavirus verursachten Krisenlage, die zu einer gro\u00dfen Zunahme des Verbrauchs dieser Produkte gef\u00fchrt hat.<\/p>\n<p>Bonomelli behauptet sich als Marktf\u00fchrer.<\/p>\n<p>Lesen Sie den vollst\u00e4ndigen Artikel auf: <a href=\"https:\/\/www.ilsole24ore.com\/art\/il-consumo-infusi-e-tisane-decolla-la-quarantena-ADzuYRH\" target=\"_blank\" rel=\"noopener\">https:\/\/www.ilsole24ore.com\/art\/il-consumo-infusi-e-tisane-decolla-la-quarantena-ADzuYRH<\/a><\/p>\n<p><img decoding=\"async\" class=\"alignnone size-full wp-image-3085\" src=\"https:\/\/gruppomontenegro.com\/wp-content\/uploads\/2020\/04\/sole-24-ore-bonomelli.png\" alt=\"\" width=\"1020\" height=\"1078\" srcset=\"https:\/\/gruppomontenegro.com\/wp-content\/uploads\/2020\/04\/sole-24-ore-bonomelli-200x211.png 200w, https:\/\/gruppomontenegro.com\/wp-content\/uploads\/2020\/04\/sole-24-ore-bonomelli-284x300.png 284w, https:\/\/gruppomontenegro.com\/wp-content\/uploads\/2020\/04\/sole-24-ore-bonomelli-400x423.png 400w, https:\/\/gruppomontenegro.com\/wp-content\/uploads\/2020\/04\/sole-24-ore-bonomelli-600x634.png 600w, https:\/\/gruppomontenegro.com\/wp-content\/uploads\/2020\/04\/sole-24-ore-bonomelli-768x812.png 768w, https:\/\/gruppomontenegro.com\/wp-content\/uploads\/2020\/04\/sole-24-ore-bonomelli-800x845.png 800w, https:\/\/gruppomontenegro.com\/wp-content\/uploads\/2020\/04\/sole-24-ore-bonomelli-969x1024.png 969w, https:\/\/gruppomontenegro.com\/wp-content\/uploads\/2020\/04\/sole-24-ore-bonomelli.png 1020w\" sizes=\"(max-width: 1020px) 100vw, 1020px\" \/><\/p>\n","protected":false},"excerpt":{"rendered":"<p>In Italien w\u00e4chst der Kr\u00e4uterteemarkt, auch infolge der aktuellen vom  &#8230;<\/p>\n","protected":false},"author":8,"featured_media":3996,"comment_status":"closed","ping_status":"closed","sticky":false,"template":"","format":"standard","meta":{"footnotes":""},"tags":[],"categoria-notizia":[91],"class_list":["post-4534","post","type-post","status-publish","format-standard","has-post-thumbnail","hentry","categoria-notizia-brands-de"],"yoast_head":"<!-- This site is optimized with the Yoast SEO plugin v27.1.1 - https:\/\/yoast.com\/product\/yoast-seo-wordpress\/ -->\n<title>Der Verbrauch von Tees und Aufg\u00fcssen erlebt mit der Quarant\u00e4ne gro\u00dfen Aufschwung | Gruppo Montenegro<\/title>\n<meta name=\"description\" content=\"In Italien w\u00e4chst der Kr\u00e4uterteemarkt, auch infolge der aktuellen vom Coronavirus verursachten Krisenlage, die zu einer gro\u00dfen Zunahme des Verbrauchs\" \/>\n<meta name=\"robots\" content=\"index, follow, max-snippet:-1, max-image-preview:large, max-video-preview:-1\" \/>\n<link rel=\"canonical\" href=\"https:\/\/gruppomontenegro.com\/de\/der-verbrauch-von-tees-und-aufguessen-erlebt-mit-der-quarantaene-grossen-aufschwung\/\" \/>\n<meta property=\"og:locale\" content=\"de_DE\" \/>\n<meta property=\"og:type\" content=\"article\" \/>\n<meta property=\"og:title\" content=\"Der Verbrauch von Tees und Aufg\u00fcssen erlebt mit der Quarant\u00e4ne gro\u00dfen Aufschwung | Gruppo Montenegro\" \/>\n<meta property=\"og:description\" content=\"In Italien w\u00e4chst der Kr\u00e4uterteemarkt, auch infolge der aktuellen vom Coronavirus verursachten Krisenlage, die zu einer gro\u00dfen Zunahme des Verbrauchs\" \/>\n<meta property=\"og:url\" content=\"https:\/\/gruppomontenegro.com\/de\/der-verbrauch-von-tees-und-aufguessen-erlebt-mit-der-quarantaene-grossen-aufschwung\/\" \/>\n<meta property=\"og:site_name\" content=\"Gruppo Montenegro\" \/>\n<meta property=\"article:published_time\" content=\"2020-04-21T07:01:57+00:00\" \/>\n<meta property=\"article:modified_time\" content=\"2022-12-20T07:08:34+00:00\" \/>\n<meta property=\"og:image\" content=\"https:\/\/gruppomontenegro.com\/wp-content\/uploads\/2022\/07\/placeholder-960x540-2.jpg\" \/>\n\t<meta property=\"og:image:width\" content=\"960\" \/>\n\t<meta property=\"og:image:height\" content=\"540\" \/>\n\t<meta property=\"og:image:type\" content=\"image\/jpeg\" \/>\n<meta name=\"author\" content=\"Nowhere\" \/>\n<meta name=\"twitter:card\" content=\"summary_large_image\" \/>\n<script type=\"application\/ld+json\" class=\"yoast-schema-graph\">{\"@context\":\"https:\/\/schema.org\",\"@graph\":[{\"@type\":[\"Article\",\"BlogPosting\"],\"@id\":\"https:\/\/gruppomontenegro.com\/de\/der-verbrauch-von-tees-und-aufguessen-erlebt-mit-der-quarantaene-grossen-aufschwung\/#article\",\"isPartOf\":{\"@id\":\"https:\/\/gruppomontenegro.com\/de\/der-verbrauch-von-tees-und-aufguessen-erlebt-mit-der-quarantaene-grossen-aufschwung\/\"},\"author\":{\"name\":\"Nowhere\",\"@id\":\"https:\/\/gruppomontenegro.com\/de\/#\/schema\/person\/6f55260c43e9cf31873bebd738eccaa4\"},\"headline\":\"Der Verbrauch von Tees und Aufg\u00fcssen erlebt mit der Quarant\u00e4ne gro\u00dfen Aufschwung\",\"datePublished\":\"2020-04-21T07:01:57+00:00\",\"dateModified\":\"2022-12-20T07:08:34+00:00\",\"mainEntityOfPage\":{\"@id\":\"https:\/\/gruppomontenegro.com\/de\/der-verbrauch-von-tees-und-aufguessen-erlebt-mit-der-quarantaene-grossen-aufschwung\/\"},\"wordCount\":63,\"publisher\":{\"@id\":\"https:\/\/gruppomontenegro.com\/de\/#organization\"},\"image\":{\"@id\":\"https:\/\/gruppomontenegro.com\/de\/der-verbrauch-von-tees-und-aufguessen-erlebt-mit-der-quarantaene-grossen-aufschwung\/#primaryimage\"},\"thumbnailUrl\":\"https:\/\/gruppomontenegro.com\/wp-content\/uploads\/2022\/07\/placeholder-960x540-2.jpg\",\"inLanguage\":\"de-DE\"},{\"@type\":\"WebPage\",\"@id\":\"https:\/\/gruppomontenegro.com\/de\/der-verbrauch-von-tees-und-aufguessen-erlebt-mit-der-quarantaene-grossen-aufschwung\/\",\"url\":\"https:\/\/gruppomontenegro.com\/de\/der-verbrauch-von-tees-und-aufguessen-erlebt-mit-der-quarantaene-grossen-aufschwung\/\",\"name\":\"Der Verbrauch von Tees und Aufg\u00fcssen erlebt mit der Quarant\u00e4ne gro\u00dfen Aufschwung | Gruppo Montenegro\",\"isPartOf\":{\"@id\":\"https:\/\/gruppomontenegro.com\/de\/#website\"},\"primaryImageOfPage\":{\"@id\":\"https:\/\/gruppomontenegro.com\/de\/der-verbrauch-von-tees-und-aufguessen-erlebt-mit-der-quarantaene-grossen-aufschwung\/#primaryimage\"},\"image\":{\"@id\":\"https:\/\/gruppomontenegro.com\/de\/der-verbrauch-von-tees-und-aufguessen-erlebt-mit-der-quarantaene-grossen-aufschwung\/#primaryimage\"},\"thumbnailUrl\":\"https:\/\/gruppomontenegro.com\/wp-content\/uploads\/2022\/07\/placeholder-960x540-2.jpg\",\"datePublished\":\"2020-04-21T07:01:57+00:00\",\"dateModified\":\"2022-12-20T07:08:34+00:00\",\"description\":\"In Italien w\u00e4chst der Kr\u00e4uterteemarkt, auch infolge der aktuellen vom Coronavirus verursachten Krisenlage, die zu einer gro\u00dfen Zunahme des Verbrauchs\",\"breadcrumb\":{\"@id\":\"https:\/\/gruppomontenegro.com\/de\/der-verbrauch-von-tees-und-aufguessen-erlebt-mit-der-quarantaene-grossen-aufschwung\/#breadcrumb\"},\"inLanguage\":\"de-DE\",\"potentialAction\":[{\"@type\":\"ReadAction\",\"target\":[\"https:\/\/gruppomontenegro.com\/de\/der-verbrauch-von-tees-und-aufguessen-erlebt-mit-der-quarantaene-grossen-aufschwung\/\"]}]},{\"@type\":\"ImageObject\",\"inLanguage\":\"de-DE\",\"@id\":\"https:\/\/gruppomontenegro.com\/de\/der-verbrauch-von-tees-und-aufguessen-erlebt-mit-der-quarantaene-grossen-aufschwung\/#primaryimage\",\"url\":\"https:\/\/gruppomontenegro.com\/wp-content\/uploads\/2022\/07\/placeholder-960x540-2.jpg\",\"contentUrl\":\"https:\/\/gruppomontenegro.com\/wp-content\/uploads\/2022\/07\/placeholder-960x540-2.jpg\",\"width\":960,\"height\":540},{\"@type\":\"BreadcrumbList\",\"@id\":\"https:\/\/gruppomontenegro.com\/de\/der-verbrauch-von-tees-und-aufguessen-erlebt-mit-der-quarantaene-grossen-aufschwung\/#breadcrumb\",\"itemListElement\":[{\"@type\":\"ListItem\",\"position\":1,\"name\":\"Home\",\"item\":\"https:\/\/gruppomontenegro.com\/de\/\"},{\"@type\":\"ListItem\",\"position\":2,\"name\":\"Der Verbrauch von Tees und Aufg\u00fcssen erlebt mit der Quarant\u00e4ne gro\u00dfen Aufschwung\"}]},{\"@type\":\"WebSite\",\"@id\":\"https:\/\/gruppomontenegro.com\/de\/#website\",\"url\":\"https:\/\/gruppomontenegro.com\/de\/\",\"name\":\"Gruppo Montenegro\",\"description\":\"\",\"publisher\":{\"@id\":\"https:\/\/gruppomontenegro.com\/de\/#organization\"},\"potentialAction\":[{\"@type\":\"SearchAction\",\"target\":{\"@type\":\"EntryPoint\",\"urlTemplate\":\"https:\/\/gruppomontenegro.com\/de\/?s={search_term_string}\"},\"query-input\":{\"@type\":\"PropertyValueSpecification\",\"valueRequired\":true,\"valueName\":\"search_term_string\"}}],\"inLanguage\":\"de-DE\"},{\"@type\":\"Organization\",\"@id\":\"https:\/\/gruppomontenegro.com\/de\/#organization\",\"name\":\"Gruppo Montenegro\",\"url\":\"https:\/\/gruppomontenegro.com\/de\/\",\"logo\":{\"@type\":\"ImageObject\",\"inLanguage\":\"de-DE\",\"@id\":\"https:\/\/gruppomontenegro.com\/de\/#\/schema\/logo\/image\/\",\"url\":\"https:\/\/gruppomontenegro.com\/wp-content\/uploads\/2022\/12\/logo-montenegro.jpg\",\"contentUrl\":\"https:\/\/gruppomontenegro.com\/wp-content\/uploads\/2022\/12\/logo-montenegro.jpg\",\"width\":300,\"height\":200,\"caption\":\"Gruppo Montenegro\"},\"image\":{\"@id\":\"https:\/\/gruppomontenegro.com\/de\/#\/schema\/logo\/image\/\"}},{\"@type\":\"Person\",\"@id\":\"https:\/\/gruppomontenegro.com\/de\/#\/schema\/person\/6f55260c43e9cf31873bebd738eccaa4\",\"name\":\"Nowhere\"}]}<\/script>\n<!-- \/ Yoast SEO plugin. -->","yoast_head_json":{"title":"Der Verbrauch von Tees und Aufg\u00fcssen erlebt mit der Quarant\u00e4ne gro\u00dfen Aufschwung | Gruppo Montenegro","description":"In Italien w\u00e4chst der Kr\u00e4uterteemarkt, auch infolge der aktuellen vom Coronavirus verursachten Krisenlage, die zu einer gro\u00dfen Zunahme des Verbrauchs","robots":{"index":"index","follow":"follow","max-snippet":"max-snippet:-1","max-image-preview":"max-image-preview:large","max-video-preview":"max-video-preview:-1"},"canonical":"https:\/\/gruppomontenegro.com\/de\/der-verbrauch-von-tees-und-aufguessen-erlebt-mit-der-quarantaene-grossen-aufschwung\/","og_locale":"de_DE","og_type":"article","og_title":"Der Verbrauch von Tees und Aufg\u00fcssen erlebt mit der Quarant\u00e4ne gro\u00dfen Aufschwung | Gruppo Montenegro","og_description":"In Italien w\u00e4chst der Kr\u00e4uterteemarkt, auch infolge der aktuellen vom Coronavirus verursachten Krisenlage, die zu einer gro\u00dfen Zunahme des Verbrauchs","og_url":"https:\/\/gruppomontenegro.com\/de\/der-verbrauch-von-tees-und-aufguessen-erlebt-mit-der-quarantaene-grossen-aufschwung\/","og_site_name":"Gruppo Montenegro","article_published_time":"2020-04-21T07:01:57+00:00","article_modified_time":"2022-12-20T07:08:34+00:00","og_image":[{"width":960,"height":540,"url":"https:\/\/gruppomontenegro.com\/wp-content\/uploads\/2022\/07\/placeholder-960x540-2.jpg","type":"image\/jpeg"}],"author":"Nowhere","twitter_card":"summary_large_image","schema":{"@context":"https:\/\/schema.org","@graph":[{"@type":["Article","BlogPosting"],"@id":"https:\/\/gruppomontenegro.com\/de\/der-verbrauch-von-tees-und-aufguessen-erlebt-mit-der-quarantaene-grossen-aufschwung\/#article","isPartOf":{"@id":"https:\/\/gruppomontenegro.com\/de\/der-verbrauch-von-tees-und-aufguessen-erlebt-mit-der-quarantaene-grossen-aufschwung\/"},"author":{"name":"Nowhere","@id":"https:\/\/gruppomontenegro.com\/de\/#\/schema\/person\/6f55260c43e9cf31873bebd738eccaa4"},"headline":"Der Verbrauch von Tees und Aufg\u00fcssen erlebt mit der Quarant\u00e4ne gro\u00dfen Aufschwung","datePublished":"2020-04-21T07:01:57+00:00","dateModified":"2022-12-20T07:08:34+00:00","mainEntityOfPage":{"@id":"https:\/\/gruppomontenegro.com\/de\/der-verbrauch-von-tees-und-aufguessen-erlebt-mit-der-quarantaene-grossen-aufschwung\/"},"wordCount":63,"publisher":{"@id":"https:\/\/gruppomontenegro.com\/de\/#organization"},"image":{"@id":"https:\/\/gruppomontenegro.com\/de\/der-verbrauch-von-tees-und-aufguessen-erlebt-mit-der-quarantaene-grossen-aufschwung\/#primaryimage"},"thumbnailUrl":"https:\/\/gruppomontenegro.com\/wp-content\/uploads\/2022\/07\/placeholder-960x540-2.jpg","inLanguage":"de-DE"},{"@type":"WebPage","@id":"https:\/\/gruppomontenegro.com\/de\/der-verbrauch-von-tees-und-aufguessen-erlebt-mit-der-quarantaene-grossen-aufschwung\/","url":"https:\/\/gruppomontenegro.com\/de\/der-verbrauch-von-tees-und-aufguessen-erlebt-mit-der-quarantaene-grossen-aufschwung\/","name":"Der Verbrauch von Tees und Aufg\u00fcssen erlebt mit der Quarant\u00e4ne gro\u00dfen Aufschwung | Gruppo Montenegro","isPartOf":{"@id":"https:\/\/gruppomontenegro.com\/de\/#website"},"primaryImageOfPage":{"@id":"https:\/\/gruppomontenegro.com\/de\/der-verbrauch-von-tees-und-aufguessen-erlebt-mit-der-quarantaene-grossen-aufschwung\/#primaryimage"},"image":{"@id":"https:\/\/gruppomontenegro.com\/de\/der-verbrauch-von-tees-und-aufguessen-erlebt-mit-der-quarantaene-grossen-aufschwung\/#primaryimage"},"thumbnailUrl":"https:\/\/gruppomontenegro.com\/wp-content\/uploads\/2022\/07\/placeholder-960x540-2.jpg","datePublished":"2020-04-21T07:01:57+00:00","dateModified":"2022-12-20T07:08:34+00:00","description":"In Italien w\u00e4chst der Kr\u00e4uterteemarkt, auch infolge der aktuellen vom Coronavirus verursachten Krisenlage, die zu einer gro\u00dfen Zunahme des Verbrauchs","breadcrumb":{"@id":"https:\/\/gruppomontenegro.com\/de\/der-verbrauch-von-tees-und-aufguessen-erlebt-mit-der-quarantaene-grossen-aufschwung\/#breadcrumb"},"inLanguage":"de-DE","potentialAction":[{"@type":"ReadAction","target":["https:\/\/gruppomontenegro.com\/de\/der-verbrauch-von-tees-und-aufguessen-erlebt-mit-der-quarantaene-grossen-aufschwung\/"]}]},{"@type":"ImageObject","inLanguage":"de-DE","@id":"https:\/\/gruppomontenegro.com\/de\/der-verbrauch-von-tees-und-aufguessen-erlebt-mit-der-quarantaene-grossen-aufschwung\/#primaryimage","url":"https:\/\/gruppomontenegro.com\/wp-content\/uploads\/2022\/07\/placeholder-960x540-2.jpg","contentUrl":"https:\/\/gruppomontenegro.com\/wp-content\/uploads\/2022\/07\/placeholder-960x540-2.jpg","width":960,"height":540},{"@type":"BreadcrumbList","@id":"https:\/\/gruppomontenegro.com\/de\/der-verbrauch-von-tees-und-aufguessen-erlebt-mit-der-quarantaene-grossen-aufschwung\/#breadcrumb","itemListElement":[{"@type":"ListItem","position":1,"name":"Home","item":"https:\/\/gruppomontenegro.com\/de\/"},{"@type":"ListItem","position":2,"name":"Der Verbrauch von Tees und Aufg\u00fcssen erlebt mit der Quarant\u00e4ne gro\u00dfen Aufschwung"}]},{"@type":"WebSite","@id":"https:\/\/gruppomontenegro.com\/de\/#website","url":"https:\/\/gruppomontenegro.com\/de\/","name":"Gruppo Montenegro","description":"","publisher":{"@id":"https:\/\/gruppomontenegro.com\/de\/#organization"},"potentialAction":[{"@type":"SearchAction","target":{"@type":"EntryPoint","urlTemplate":"https:\/\/gruppomontenegro.com\/de\/?s={search_term_string}"},"query-input":{"@type":"PropertyValueSpecification","valueRequired":true,"valueName":"search_term_string"}}],"inLanguage":"de-DE"},{"@type":"Organization","@id":"https:\/\/gruppomontenegro.com\/de\/#organization","name":"Gruppo Montenegro","url":"https:\/\/gruppomontenegro.com\/de\/","logo":{"@type":"ImageObject","inLanguage":"de-DE","@id":"https:\/\/gruppomontenegro.com\/de\/#\/schema\/logo\/image\/","url":"https:\/\/gruppomontenegro.com\/wp-content\/uploads\/2022\/12\/logo-montenegro.jpg","contentUrl":"https:\/\/gruppomontenegro.com\/wp-content\/uploads\/2022\/12\/logo-montenegro.jpg","width":300,"height":200,"caption":"Gruppo Montenegro"},"image":{"@id":"https:\/\/gruppomontenegro.com\/de\/#\/schema\/logo\/image\/"}},{"@type":"Person","@id":"https:\/\/gruppomontenegro.com\/de\/#\/schema\/person\/6f55260c43e9cf31873bebd738eccaa4","name":"Nowhere"}]}},"_links":{"self":[{"href":"https:\/\/gruppomontenegro.com\/de\/wp-json\/wp\/v2\/posts\/4534","targetHints":{"allow":["GET"]}}],"collection":[{"href":"https:\/\/gruppomontenegro.com\/de\/wp-json\/wp\/v2\/posts"}],"about":[{"href":"https:\/\/gruppomontenegro.com\/de\/wp-json\/wp\/v2\/types\/post"}],"author":[{"embeddable":true,"href":"https:\/\/gruppomontenegro.com\/de\/wp-json\/wp\/v2\/users\/8"}],"replies":[{"embeddable":true,"href":"https:\/\/gruppomontenegro.com\/de\/wp-json\/wp\/v2\/comments?post=4534"}],"version-history":[{"count":0,"href":"https:\/\/gruppomontenegro.com\/de\/wp-json\/wp\/v2\/posts\/4534\/revisions"}],"wp:featuredmedia":[{"embeddable":true,"href":"https:\/\/gruppomontenegro.com\/de\/wp-json\/wp\/v2\/media\/3996"}],"wp:attachment":[{"href":"https:\/\/gruppomontenegro.com\/de\/wp-json\/wp\/v2\/media?parent=4534"}],"wp:term":[{"taxonomy":"post_tag","embeddable":true,"href":"https:\/\/gruppomontenegro.com\/de\/wp-json\/wp\/v2\/tags?post=4534"},{"taxonomy":"categoria-notizia","embeddable":true,"href":"https:\/\/gruppomontenegro.com\/de\/wp-json\/wp\/v2\/categoria-notizia?post=4534"}],"curies":[{"name":"wp","href":"https:\/\/api.w.org\/{rel}","templated":true}]}}