{"id":4522,"date":"2020-05-26T07:45:22","date_gmt":"2020-05-26T05:45:22","guid":{"rendered":"https:\/\/gruppomontenegro.com\/amaro-montenegro-questa-bottiglia-diventera-parte-del-vostro-bar-the-mens-journal\/"},"modified":"2023-02-09T09:29:55","modified_gmt":"2023-02-09T08:29:55","slug":"amaro-montenegro-questa-bottiglia-diventera-parte-del-vostro-bar-the-mens-journal","status":"publish","type":"post","link":"https:\/\/gruppomontenegro.com\/de\/amaro-montenegro-questa-bottiglia-diventera-parte-del-vostro-bar-the-mens-journal\/","title":{"rendered":"Amaro Montenegro: Diese Flasche wird zum besten Asset Ihrer Hausbar werden (The Men\u2019s Journal)"},"content":{"rendered":"<div class=\"fusion-fullwidth fullwidth-box fusion-builder-row-1 fusion-flex-container nonhundred-percent-fullwidth non-hundred-percent-height-scrolling\" style=\"--awb-border-radius-top-left:0px;--awb-border-radius-top-right:0px;--awb-border-radius-bottom-right:0px;--awb-border-radius-bottom-left:0px;--awb-flex-wrap:wrap;\" ><div class=\"fusion-builder-row fusion-row fusion-flex-align-items-flex-start fusion-flex-content-wrap\" style=\"max-width:1248px;margin-left: calc(-4% \/ 2 );margin-right: calc(-4% \/ 2 );\"><div class=\"fusion-layout-column fusion_builder_column fusion-builder-column-0 fusion_builder_column_1_1 1_1 fusion-flex-column\" style=\"--awb-bg-size:cover;--awb-width-large:100%;--awb-margin-top-large:0px;--awb-spacing-right-large:1.92%;--awb-margin-bottom-large:0px;--awb-spacing-left-large:1.92%;--awb-width-medium:100%;--awb-spacing-right-medium:1.92%;--awb-spacing-left-medium:1.92%;--awb-width-small:100%;--awb-spacing-right-small:1.92%;--awb-spacing-left-small:1.92%;\"><div class=\"fusion-column-wrapper fusion-flex-justify-content-flex-start fusion-content-layout-column\"><div class=\"fusion-text fusion-text-1\"><p>Alle lieben einen komplexen Drink und die gute Nachricht ist, dass die Dinge f\u00fcr Sie nicht kompliziert werden m\u00fcssen, um zu Hause etwas Komplexes zu genie\u00dfen. Neben Ihren Highballs und Negronis sollten Sie diese Woche einen anderen Favoriten der Barkeeper zu Ihrem Repertoire dazugeben: den Mezcal und Montenegro.<\/p>\n<p>Lesen Sie den vollst\u00e4ndigen Artikel:\u00a0<a href=\"https:\/\/www.mensjournal.com\/food-drink\/why-a-bottle-of-montenegro-is-about-to-be-your-home-bars-best-asset\/\" target=\"_blank\" rel=\"noopener\">https:\/\/www.mensjournal.com\/food-drink\/why-a-bottle-of-montenegro-is-about-to-be-your-home-bars-best-asset\/<\/a><\/p>\n<\/div><\/div><\/div><\/div><\/div>\n","protected":false},"excerpt":{"rendered":"","protected":false},"author":8,"featured_media":4210,"comment_status":"closed","ping_status":"closed","sticky":false,"template":"","format":"standard","meta":{"footnotes":""},"tags":[],"categoria-notizia":[91,92],"class_list":["post-4522","post","type-post","status-publish","format-standard","has-post-thumbnail","hentry","categoria-notizia-brands-de","categoria-notizia-events-de"],"yoast_head":"<!-- This site is optimized with the Yoast SEO plugin v27.1.1 - https:\/\/yoast.com\/product\/yoast-seo-wordpress\/ -->\n<title>Amaro Montenegro: Diese Flasche wird zum besten Asset Ihrer Hausbar werden (The Men\u2019s Journal) | Gruppo Montenegro<\/title>\n<meta name=\"robots\" content=\"index, follow, max-snippet:-1, max-image-preview:large, max-video-preview:-1\" \/>\n<link rel=\"canonical\" href=\"https:\/\/gruppomontenegro.com\/de\/amaro-montenegro-questa-bottiglia-diventera-parte-del-vostro-bar-the-mens-journal\/\" \/>\n<meta property=\"og:locale\" content=\"de_DE\" \/>\n<meta property=\"og:type\" content=\"article\" \/>\n<meta property=\"og:title\" content=\"Amaro Montenegro: Diese Flasche wird zum besten Asset Ihrer Hausbar werden (The Men\u2019s Journal) | Gruppo Montenegro\" \/>\n<meta property=\"og:url\" content=\"https:\/\/gruppomontenegro.com\/de\/amaro-montenegro-questa-bottiglia-diventera-parte-del-vostro-bar-the-mens-journal\/\" \/>\n<meta property=\"og:site_name\" content=\"Gruppo Montenegro\" \/>\n<meta property=\"article:published_time\" content=\"2020-05-26T05:45:22+00:00\" \/>\n<meta property=\"article:modified_time\" content=\"2023-02-09T08:29:55+00:00\" \/>\n<meta property=\"og:image\" content=\"https:\/\/gruppomontenegro.com\/wp-content\/uploads\/2022\/11\/Eventi-News-Cover-1.jpg\" \/>\n\t<meta property=\"og:image:width\" content=\"1200\" \/>\n\t<meta property=\"og:image:height\" content=\"550\" \/>\n\t<meta property=\"og:image:type\" content=\"image\/jpeg\" \/>\n<meta name=\"author\" content=\"Nowhere\" \/>\n<meta name=\"twitter:card\" content=\"summary_large_image\" \/>\n<script type=\"application\/ld+json\" class=\"yoast-schema-graph\">{\"@context\":\"https:\/\/schema.org\",\"@graph\":[{\"@type\":[\"Article\",\"BlogPosting\"],\"@id\":\"https:\/\/gruppomontenegro.com\/de\/amaro-montenegro-questa-bottiglia-diventera-parte-del-vostro-bar-the-mens-journal\/#article\",\"isPartOf\":{\"@id\":\"https:\/\/gruppomontenegro.com\/de\/amaro-montenegro-questa-bottiglia-diventera-parte-del-vostro-bar-the-mens-journal\/\"},\"author\":{\"name\":\"Nowhere\",\"@id\":\"https:\/\/gruppomontenegro.com\/de\/#\/schema\/person\/6f55260c43e9cf31873bebd738eccaa4\"},\"headline\":\"Amaro Montenegro: Diese Flasche wird zum besten Asset Ihrer Hausbar werden (The Men\u2019s Journal)\",\"datePublished\":\"2020-05-26T05:45:22+00:00\",\"dateModified\":\"2023-02-09T08:29:55+00:00\",\"mainEntityOfPage\":{\"@id\":\"https:\/\/gruppomontenegro.com\/de\/amaro-montenegro-questa-bottiglia-diventera-parte-del-vostro-bar-the-mens-journal\/\"},\"wordCount\":326,\"publisher\":{\"@id\":\"https:\/\/gruppomontenegro.com\/de\/#organization\"},\"image\":{\"@id\":\"https:\/\/gruppomontenegro.com\/de\/amaro-montenegro-questa-bottiglia-diventera-parte-del-vostro-bar-the-mens-journal\/#primaryimage\"},\"thumbnailUrl\":\"https:\/\/gruppomontenegro.com\/wp-content\/uploads\/2022\/11\/Eventi-News-Cover-1.jpg\",\"inLanguage\":\"de-DE\"},{\"@type\":\"WebPage\",\"@id\":\"https:\/\/gruppomontenegro.com\/de\/amaro-montenegro-questa-bottiglia-diventera-parte-del-vostro-bar-the-mens-journal\/\",\"url\":\"https:\/\/gruppomontenegro.com\/de\/amaro-montenegro-questa-bottiglia-diventera-parte-del-vostro-bar-the-mens-journal\/\",\"name\":\"Amaro Montenegro: Diese Flasche wird zum besten Asset Ihrer Hausbar werden (The Men\u2019s Journal) | Gruppo Montenegro\",\"isPartOf\":{\"@id\":\"https:\/\/gruppomontenegro.com\/de\/#website\"},\"primaryImageOfPage\":{\"@id\":\"https:\/\/gruppomontenegro.com\/de\/amaro-montenegro-questa-bottiglia-diventera-parte-del-vostro-bar-the-mens-journal\/#primaryimage\"},\"image\":{\"@id\":\"https:\/\/gruppomontenegro.com\/de\/amaro-montenegro-questa-bottiglia-diventera-parte-del-vostro-bar-the-mens-journal\/#primaryimage\"},\"thumbnailUrl\":\"https:\/\/gruppomontenegro.com\/wp-content\/uploads\/2022\/11\/Eventi-News-Cover-1.jpg\",\"datePublished\":\"2020-05-26T05:45:22+00:00\",\"dateModified\":\"2023-02-09T08:29:55+00:00\",\"breadcrumb\":{\"@id\":\"https:\/\/gruppomontenegro.com\/de\/amaro-montenegro-questa-bottiglia-diventera-parte-del-vostro-bar-the-mens-journal\/#breadcrumb\"},\"inLanguage\":\"de-DE\",\"potentialAction\":[{\"@type\":\"ReadAction\",\"target\":[\"https:\/\/gruppomontenegro.com\/de\/amaro-montenegro-questa-bottiglia-diventera-parte-del-vostro-bar-the-mens-journal\/\"]}]},{\"@type\":\"ImageObject\",\"inLanguage\":\"de-DE\",\"@id\":\"https:\/\/gruppomontenegro.com\/de\/amaro-montenegro-questa-bottiglia-diventera-parte-del-vostro-bar-the-mens-journal\/#primaryimage\",\"url\":\"https:\/\/gruppomontenegro.com\/wp-content\/uploads\/2022\/11\/Eventi-News-Cover-1.jpg\",\"contentUrl\":\"https:\/\/gruppomontenegro.com\/wp-content\/uploads\/2022\/11\/Eventi-News-Cover-1.jpg\",\"width\":1200,\"height\":550},{\"@type\":\"BreadcrumbList\",\"@id\":\"https:\/\/gruppomontenegro.com\/de\/amaro-montenegro-questa-bottiglia-diventera-parte-del-vostro-bar-the-mens-journal\/#breadcrumb\",\"itemListElement\":[{\"@type\":\"ListItem\",\"position\":1,\"name\":\"Home\",\"item\":\"https:\/\/gruppomontenegro.com\/de\/\"},{\"@type\":\"ListItem\",\"position\":2,\"name\":\"Amaro Montenegro: Diese Flasche wird zum besten Asset Ihrer Hausbar werden (The Men\u2019s Journal)\"}]},{\"@type\":\"WebSite\",\"@id\":\"https:\/\/gruppomontenegro.com\/de\/#website\",\"url\":\"https:\/\/gruppomontenegro.com\/de\/\",\"name\":\"Gruppo Montenegro\",\"description\":\"\",\"publisher\":{\"@id\":\"https:\/\/gruppomontenegro.com\/de\/#organization\"},\"potentialAction\":[{\"@type\":\"SearchAction\",\"target\":{\"@type\":\"EntryPoint\",\"urlTemplate\":\"https:\/\/gruppomontenegro.com\/de\/?s={search_term_string}\"},\"query-input\":{\"@type\":\"PropertyValueSpecification\",\"valueRequired\":true,\"valueName\":\"search_term_string\"}}],\"inLanguage\":\"de-DE\"},{\"@type\":\"Organization\",\"@id\":\"https:\/\/gruppomontenegro.com\/de\/#organization\",\"name\":\"Gruppo Montenegro\",\"url\":\"https:\/\/gruppomontenegro.com\/de\/\",\"logo\":{\"@type\":\"ImageObject\",\"inLanguage\":\"de-DE\",\"@id\":\"https:\/\/gruppomontenegro.com\/de\/#\/schema\/logo\/image\/\",\"url\":\"https:\/\/gruppomontenegro.com\/wp-content\/uploads\/2022\/12\/logo-montenegro.jpg\",\"contentUrl\":\"https:\/\/gruppomontenegro.com\/wp-content\/uploads\/2022\/12\/logo-montenegro.jpg\",\"width\":300,\"height\":200,\"caption\":\"Gruppo Montenegro\"},\"image\":{\"@id\":\"https:\/\/gruppomontenegro.com\/de\/#\/schema\/logo\/image\/\"}},{\"@type\":\"Person\",\"@id\":\"https:\/\/gruppomontenegro.com\/de\/#\/schema\/person\/6f55260c43e9cf31873bebd738eccaa4\",\"name\":\"Nowhere\"}]}<\/script>\n<!-- \/ Yoast SEO plugin. -->","yoast_head_json":{"title":"Amaro Montenegro: Diese Flasche wird zum besten Asset Ihrer Hausbar werden (The Men\u2019s Journal) | Gruppo Montenegro","robots":{"index":"index","follow":"follow","max-snippet":"max-snippet:-1","max-image-preview":"max-image-preview:large","max-video-preview":"max-video-preview:-1"},"canonical":"https:\/\/gruppomontenegro.com\/de\/amaro-montenegro-questa-bottiglia-diventera-parte-del-vostro-bar-the-mens-journal\/","og_locale":"de_DE","og_type":"article","og_title":"Amaro Montenegro: Diese Flasche wird zum besten Asset Ihrer Hausbar werden (The Men\u2019s Journal) | Gruppo Montenegro","og_url":"https:\/\/gruppomontenegro.com\/de\/amaro-montenegro-questa-bottiglia-diventera-parte-del-vostro-bar-the-mens-journal\/","og_site_name":"Gruppo Montenegro","article_published_time":"2020-05-26T05:45:22+00:00","article_modified_time":"2023-02-09T08:29:55+00:00","og_image":[{"width":1200,"height":550,"url":"https:\/\/gruppomontenegro.com\/wp-content\/uploads\/2022\/11\/Eventi-News-Cover-1.jpg","type":"image\/jpeg"}],"author":"Nowhere","twitter_card":"summary_large_image","schema":{"@context":"https:\/\/schema.org","@graph":[{"@type":["Article","BlogPosting"],"@id":"https:\/\/gruppomontenegro.com\/de\/amaro-montenegro-questa-bottiglia-diventera-parte-del-vostro-bar-the-mens-journal\/#article","isPartOf":{"@id":"https:\/\/gruppomontenegro.com\/de\/amaro-montenegro-questa-bottiglia-diventera-parte-del-vostro-bar-the-mens-journal\/"},"author":{"name":"Nowhere","@id":"https:\/\/gruppomontenegro.com\/de\/#\/schema\/person\/6f55260c43e9cf31873bebd738eccaa4"},"headline":"Amaro Montenegro: Diese Flasche wird zum besten Asset Ihrer Hausbar werden (The Men\u2019s Journal)","datePublished":"2020-05-26T05:45:22+00:00","dateModified":"2023-02-09T08:29:55+00:00","mainEntityOfPage":{"@id":"https:\/\/gruppomontenegro.com\/de\/amaro-montenegro-questa-bottiglia-diventera-parte-del-vostro-bar-the-mens-journal\/"},"wordCount":326,"publisher":{"@id":"https:\/\/gruppomontenegro.com\/de\/#organization"},"image":{"@id":"https:\/\/gruppomontenegro.com\/de\/amaro-montenegro-questa-bottiglia-diventera-parte-del-vostro-bar-the-mens-journal\/#primaryimage"},"thumbnailUrl":"https:\/\/gruppomontenegro.com\/wp-content\/uploads\/2022\/11\/Eventi-News-Cover-1.jpg","inLanguage":"de-DE"},{"@type":"WebPage","@id":"https:\/\/gruppomontenegro.com\/de\/amaro-montenegro-questa-bottiglia-diventera-parte-del-vostro-bar-the-mens-journal\/","url":"https:\/\/gruppomontenegro.com\/de\/amaro-montenegro-questa-bottiglia-diventera-parte-del-vostro-bar-the-mens-journal\/","name":"Amaro Montenegro: Diese Flasche wird zum besten Asset Ihrer Hausbar werden (The Men\u2019s Journal) | Gruppo Montenegro","isPartOf":{"@id":"https:\/\/gruppomontenegro.com\/de\/#website"},"primaryImageOfPage":{"@id":"https:\/\/gruppomontenegro.com\/de\/amaro-montenegro-questa-bottiglia-diventera-parte-del-vostro-bar-the-mens-journal\/#primaryimage"},"image":{"@id":"https:\/\/gruppomontenegro.com\/de\/amaro-montenegro-questa-bottiglia-diventera-parte-del-vostro-bar-the-mens-journal\/#primaryimage"},"thumbnailUrl":"https:\/\/gruppomontenegro.com\/wp-content\/uploads\/2022\/11\/Eventi-News-Cover-1.jpg","datePublished":"2020-05-26T05:45:22+00:00","dateModified":"2023-02-09T08:29:55+00:00","breadcrumb":{"@id":"https:\/\/gruppomontenegro.com\/de\/amaro-montenegro-questa-bottiglia-diventera-parte-del-vostro-bar-the-mens-journal\/#breadcrumb"},"inLanguage":"de-DE","potentialAction":[{"@type":"ReadAction","target":["https:\/\/gruppomontenegro.com\/de\/amaro-montenegro-questa-bottiglia-diventera-parte-del-vostro-bar-the-mens-journal\/"]}]},{"@type":"ImageObject","inLanguage":"de-DE","@id":"https:\/\/gruppomontenegro.com\/de\/amaro-montenegro-questa-bottiglia-diventera-parte-del-vostro-bar-the-mens-journal\/#primaryimage","url":"https:\/\/gruppomontenegro.com\/wp-content\/uploads\/2022\/11\/Eventi-News-Cover-1.jpg","contentUrl":"https:\/\/gruppomontenegro.com\/wp-content\/uploads\/2022\/11\/Eventi-News-Cover-1.jpg","width":1200,"height":550},{"@type":"BreadcrumbList","@id":"https:\/\/gruppomontenegro.com\/de\/amaro-montenegro-questa-bottiglia-diventera-parte-del-vostro-bar-the-mens-journal\/#breadcrumb","itemListElement":[{"@type":"ListItem","position":1,"name":"Home","item":"https:\/\/gruppomontenegro.com\/de\/"},{"@type":"ListItem","position":2,"name":"Amaro Montenegro: Diese Flasche wird zum besten Asset Ihrer Hausbar werden (The Men\u2019s Journal)"}]},{"@type":"WebSite","@id":"https:\/\/gruppomontenegro.com\/de\/#website","url":"https:\/\/gruppomontenegro.com\/de\/","name":"Gruppo Montenegro","description":"","publisher":{"@id":"https:\/\/gruppomontenegro.com\/de\/#organization"},"potentialAction":[{"@type":"SearchAction","target":{"@type":"EntryPoint","urlTemplate":"https:\/\/gruppomontenegro.com\/de\/?s={search_term_string}"},"query-input":{"@type":"PropertyValueSpecification","valueRequired":true,"valueName":"search_term_string"}}],"inLanguage":"de-DE"},{"@type":"Organization","@id":"https:\/\/gruppomontenegro.com\/de\/#organization","name":"Gruppo Montenegro","url":"https:\/\/gruppomontenegro.com\/de\/","logo":{"@type":"ImageObject","inLanguage":"de-DE","@id":"https:\/\/gruppomontenegro.com\/de\/#\/schema\/logo\/image\/","url":"https:\/\/gruppomontenegro.com\/wp-content\/uploads\/2022\/12\/logo-montenegro.jpg","contentUrl":"https:\/\/gruppomontenegro.com\/wp-content\/uploads\/2022\/12\/logo-montenegro.jpg","width":300,"height":200,"caption":"Gruppo Montenegro"},"image":{"@id":"https:\/\/gruppomontenegro.com\/de\/#\/schema\/logo\/image\/"}},{"@type":"Person","@id":"https:\/\/gruppomontenegro.com\/de\/#\/schema\/person\/6f55260c43e9cf31873bebd738eccaa4","name":"Nowhere"}]}},"_links":{"self":[{"href":"https:\/\/gruppomontenegro.com\/de\/wp-json\/wp\/v2\/posts\/4522","targetHints":{"allow":["GET"]}}],"collection":[{"href":"https:\/\/gruppomontenegro.com\/de\/wp-json\/wp\/v2\/posts"}],"about":[{"href":"https:\/\/gruppomontenegro.com\/de\/wp-json\/wp\/v2\/types\/post"}],"author":[{"embeddable":true,"href":"https:\/\/gruppomontenegro.com\/de\/wp-json\/wp\/v2\/users\/8"}],"replies":[{"embeddable":true,"href":"https:\/\/gruppomontenegro.com\/de\/wp-json\/wp\/v2\/comments?post=4522"}],"version-history":[{"count":1,"href":"https:\/\/gruppomontenegro.com\/de\/wp-json\/wp\/v2\/posts\/4522\/revisions"}],"predecessor-version":[{"id":6706,"href":"https:\/\/gruppomontenegro.com\/de\/wp-json\/wp\/v2\/posts\/4522\/revisions\/6706"}],"wp:featuredmedia":[{"embeddable":true,"href":"https:\/\/gruppomontenegro.com\/de\/wp-json\/wp\/v2\/media\/4210"}],"wp:attachment":[{"href":"https:\/\/gruppomontenegro.com\/de\/wp-json\/wp\/v2\/media?parent=4522"}],"wp:term":[{"taxonomy":"post_tag","embeddable":true,"href":"https:\/\/gruppomontenegro.com\/de\/wp-json\/wp\/v2\/tags?post=4522"},{"taxonomy":"categoria-notizia","embeddable":true,"href":"https:\/\/gruppomontenegro.com\/de\/wp-json\/wp\/v2\/categoria-notizia?post=4522"}],"curies":[{"name":"wp","href":"https:\/\/api.w.org\/{rel}","templated":true}]}}