{"id":4488,"date":"2025-09-12T09:00:21","date_gmt":"2025-09-12T07:00:21","guid":{"rendered":"https:\/\/gruppomontenegro.com\/gruppo-montenegro-supporta-lgs-sport-camp\/"},"modified":"2025-09-16T14:40:55","modified_gmt":"2025-09-16T12:40:55","slug":"gruppo-montenegro-unterstuetzt-lds-sport-camp","status":"publish","type":"post","link":"https:\/\/gruppomontenegro.com\/de\/gruppo-montenegro-unterstuetzt-lds-sport-camp\/","title":{"rendered":"Gruppo Montenegro unterst\u00fctzt LGS Sport Camp"},"content":{"rendered":"<p>Gruppo Montenegro ist wie auch bei den vergangenen Auflagen Partner von LGS bei der Unterst\u00fctzung dieser wichtigen Veranstaltung, die vom 25. August bis zum 12. September zum achten Mal stattgefunden hat.<\/p>\n<p>LGS SPORT CAMP ist ein sportliches Camp f\u00fcr Kinder von 6 bis 13 Jahren aus hilfsbed\u00fcrftigen Familien. Das Camp ist kostenlos und hat das Ziel, diesen Familien in der Zeit, in der die Schulen geschlossen sind, einen n\u00fctzlichen Dienst anzubieten, damit auch die j\u00fcngeren Menschen die mit der sportlichen Bet\u00e4tigung verbundenen kulturellen und psychophysischen Nutzen genie\u00dfen k\u00f6nnen, mit besonderer Aufmerksamkeit f\u00fcr die schw\u00e4cheren Bev\u00f6lkerungsgruppen.<\/p>\n<p>Die Kinder k\u00f6nnen verschiedene sportliche T\u00e4tigkeiten aus\u00fcben, an erzieherischen und spielerischen Labors teilnehmen und sie haben au\u00dferdem die M\u00f6glichkeit, Profisportler zu treffen, die \u00fcber ihre Erfahrungen sprechen werden.<\/p>\n<p>Das alles unter genauer Einhaltung der Richtlinien und der Sicherheits- und Gesundheitsschutzprotokolle, mit unserem erneuerten Engagements f\u00fcr die hilfsbed\u00fcrftigeren Familien und die jungen Menschen unseres Territoriums, um ihnen weiterhin konkret nahezustehen, sicherlich eine ganz spezielle sein.<\/p>\n<p><img decoding=\"async\" class=\" wp-image-8854 aligncenter\" src=\"https:\/\/gruppomontenegro.com\/wp-content\/uploads\/2020\/08\/LOGO_SPORT-CAMP_2025-_1_.png\" alt=\"\" width=\"384\" height=\"543\" srcset=\"https:\/\/gruppomontenegro.com\/wp-content\/uploads\/2020\/08\/LOGO_SPORT-CAMP_2025-_1_-200x283.png 200w, https:\/\/gruppomontenegro.com\/wp-content\/uploads\/2020\/08\/LOGO_SPORT-CAMP_2025-_1_-212x300.png 212w, https:\/\/gruppomontenegro.com\/wp-content\/uploads\/2020\/08\/LOGO_SPORT-CAMP_2025-_1_-400x566.png 400w, https:\/\/gruppomontenegro.com\/wp-content\/uploads\/2020\/08\/LOGO_SPORT-CAMP_2025-_1_-600x849.png 600w, https:\/\/gruppomontenegro.com\/wp-content\/uploads\/2020\/08\/LOGO_SPORT-CAMP_2025-_1_-724x1024.png 724w, https:\/\/gruppomontenegro.com\/wp-content\/uploads\/2020\/08\/LOGO_SPORT-CAMP_2025-_1_-768x1086.png 768w, https:\/\/gruppomontenegro.com\/wp-content\/uploads\/2020\/08\/LOGO_SPORT-CAMP_2025-_1_-800x1131.png 800w, https:\/\/gruppomontenegro.com\/wp-content\/uploads\/2020\/08\/LOGO_SPORT-CAMP_2025-_1_-1086x1536.png 1086w, https:\/\/gruppomontenegro.com\/wp-content\/uploads\/2020\/08\/LOGO_SPORT-CAMP_2025-_1_-1200x1697.png 1200w, https:\/\/gruppomontenegro.com\/wp-content\/uploads\/2020\/08\/LOGO_SPORT-CAMP_2025-_1_-1448x2048.png 1448w, https:\/\/gruppomontenegro.com\/wp-content\/uploads\/2020\/08\/LOGO_SPORT-CAMP_2025-_1_.png 3508w\" sizes=\"(max-width: 384px) 100vw, 384px\" \/><\/p>\n","protected":false},"excerpt":{"rendered":"<p>Gruppo Montenegro ist wie auch bei den vergangenen Auflagen Partner von LGS bei der Unterst\u00fctzung dieser wichtigen Veranstaltung, die vom 26. August bis zum 6. September zum dritten Mal stattgefunden hat.<\/p>\n","protected":false},"author":8,"featured_media":4230,"comment_status":"closed","ping_status":"closed","sticky":false,"template":"","format":"standard","meta":{"footnotes":""},"tags":[],"categoria-notizia":[89,101,104],"class_list":["post-4488","post","type-post","status-publish","format-standard","has-post-thumbnail","hentry","categoria-notizia-die-gruppe","categoria-notizia-gebiet","categoria-notizia-people-de"],"yoast_head":"<!-- This site is optimized with the Yoast SEO plugin v27.1.1 - https:\/\/yoast.com\/product\/yoast-seo-wordpress\/ -->\n<title>Gruppo Montenegro unterst\u00fctzt LGS Sport Camp | Gruppo Montenegro<\/title>\n<meta name=\"description\" content=\"Gruppo Montenegro ist wie auch bei den vergangenen Auflagen Partner von LGS bei der Unterst\u00fctzung dieser wichtigen Veranstaltung, die vom 26. August bis zum 6. September zum dritten Mal stattgefunden hat.\" \/>\n<meta name=\"robots\" content=\"index, follow, max-snippet:-1, max-image-preview:large, max-video-preview:-1\" \/>\n<link rel=\"canonical\" href=\"https:\/\/gruppomontenegro.com\/de\/gruppo-montenegro-unterstuetzt-lds-sport-camp\/\" \/>\n<meta property=\"og:locale\" content=\"de_DE\" \/>\n<meta property=\"og:type\" content=\"article\" \/>\n<meta property=\"og:title\" content=\"Gruppo Montenegro unterst\u00fctzt LGS Sport Camp | Gruppo Montenegro\" \/>\n<meta property=\"og:description\" content=\"Gruppo Montenegro ist wie auch bei den vergangenen Auflagen Partner von LGS bei der Unterst\u00fctzung dieser wichtigen Veranstaltung, die vom 26. August bis zum 6. September zum dritten Mal stattgefunden hat.\" \/>\n<meta property=\"og:url\" content=\"https:\/\/gruppomontenegro.com\/de\/gruppo-montenegro-unterstuetzt-lds-sport-camp\/\" \/>\n<meta property=\"og:site_name\" content=\"Gruppo Montenegro\" \/>\n<meta property=\"article:published_time\" content=\"2025-09-12T07:00:21+00:00\" \/>\n<meta property=\"article:modified_time\" content=\"2025-09-16T12:40:55+00:00\" \/>\n<meta property=\"og:image\" content=\"https:\/\/gruppomontenegro.com\/wp-content\/uploads\/2022\/11\/Territorio-News-Cover.jpg\" \/>\n\t<meta property=\"og:image:width\" content=\"1200\" \/>\n\t<meta property=\"og:image:height\" content=\"550\" \/>\n\t<meta property=\"og:image:type\" content=\"image\/jpeg\" \/>\n<meta name=\"author\" content=\"Nowhere\" \/>\n<meta name=\"twitter:card\" content=\"summary_large_image\" \/>\n<script type=\"application\/ld+json\" class=\"yoast-schema-graph\">{\"@context\":\"https:\/\/schema.org\",\"@graph\":[{\"@type\":[\"Article\",\"BlogPosting\"],\"@id\":\"https:\/\/gruppomontenegro.com\/de\/gruppo-montenegro-unterstuetzt-lds-sport-camp\/#article\",\"isPartOf\":{\"@id\":\"https:\/\/gruppomontenegro.com\/de\/gruppo-montenegro-unterstuetzt-lds-sport-camp\/\"},\"author\":{\"name\":\"Nowhere\",\"@id\":\"https:\/\/gruppomontenegro.com\/de\/#\/schema\/person\/6f55260c43e9cf31873bebd738eccaa4\"},\"headline\":\"Gruppo Montenegro unterst\u00fctzt LGS Sport Camp\",\"datePublished\":\"2025-09-12T07:00:21+00:00\",\"dateModified\":\"2025-09-16T12:40:55+00:00\",\"mainEntityOfPage\":{\"@id\":\"https:\/\/gruppomontenegro.com\/de\/gruppo-montenegro-unterstuetzt-lds-sport-camp\/\"},\"wordCount\":180,\"publisher\":{\"@id\":\"https:\/\/gruppomontenegro.com\/de\/#organization\"},\"image\":{\"@id\":\"https:\/\/gruppomontenegro.com\/de\/gruppo-montenegro-unterstuetzt-lds-sport-camp\/#primaryimage\"},\"thumbnailUrl\":\"https:\/\/gruppomontenegro.com\/wp-content\/uploads\/2022\/11\/Territorio-News-Cover.jpg\",\"inLanguage\":\"de-DE\"},{\"@type\":\"WebPage\",\"@id\":\"https:\/\/gruppomontenegro.com\/de\/gruppo-montenegro-unterstuetzt-lds-sport-camp\/\",\"url\":\"https:\/\/gruppomontenegro.com\/de\/gruppo-montenegro-unterstuetzt-lds-sport-camp\/\",\"name\":\"Gruppo Montenegro unterst\u00fctzt LGS Sport Camp | Gruppo Montenegro\",\"isPartOf\":{\"@id\":\"https:\/\/gruppomontenegro.com\/de\/#website\"},\"primaryImageOfPage\":{\"@id\":\"https:\/\/gruppomontenegro.com\/de\/gruppo-montenegro-unterstuetzt-lds-sport-camp\/#primaryimage\"},\"image\":{\"@id\":\"https:\/\/gruppomontenegro.com\/de\/gruppo-montenegro-unterstuetzt-lds-sport-camp\/#primaryimage\"},\"thumbnailUrl\":\"https:\/\/gruppomontenegro.com\/wp-content\/uploads\/2022\/11\/Territorio-News-Cover.jpg\",\"datePublished\":\"2025-09-12T07:00:21+00:00\",\"dateModified\":\"2025-09-16T12:40:55+00:00\",\"description\":\"Gruppo Montenegro ist wie auch bei den vergangenen Auflagen Partner von LGS bei der Unterst\u00fctzung dieser wichtigen Veranstaltung, die vom 26. August bis zum 6. September zum dritten Mal stattgefunden hat.\",\"breadcrumb\":{\"@id\":\"https:\/\/gruppomontenegro.com\/de\/gruppo-montenegro-unterstuetzt-lds-sport-camp\/#breadcrumb\"},\"inLanguage\":\"de-DE\",\"potentialAction\":[{\"@type\":\"ReadAction\",\"target\":[\"https:\/\/gruppomontenegro.com\/de\/gruppo-montenegro-unterstuetzt-lds-sport-camp\/\"]}]},{\"@type\":\"ImageObject\",\"inLanguage\":\"de-DE\",\"@id\":\"https:\/\/gruppomontenegro.com\/de\/gruppo-montenegro-unterstuetzt-lds-sport-camp\/#primaryimage\",\"url\":\"https:\/\/gruppomontenegro.com\/wp-content\/uploads\/2022\/11\/Territorio-News-Cover.jpg\",\"contentUrl\":\"https:\/\/gruppomontenegro.com\/wp-content\/uploads\/2022\/11\/Territorio-News-Cover.jpg\",\"width\":1200,\"height\":550},{\"@type\":\"BreadcrumbList\",\"@id\":\"https:\/\/gruppomontenegro.com\/de\/gruppo-montenegro-unterstuetzt-lds-sport-camp\/#breadcrumb\",\"itemListElement\":[{\"@type\":\"ListItem\",\"position\":1,\"name\":\"Home\",\"item\":\"https:\/\/gruppomontenegro.com\/de\/\"},{\"@type\":\"ListItem\",\"position\":2,\"name\":\"Gruppo Montenegro unterst\u00fctzt LGS Sport Camp\"}]},{\"@type\":\"WebSite\",\"@id\":\"https:\/\/gruppomontenegro.com\/de\/#website\",\"url\":\"https:\/\/gruppomontenegro.com\/de\/\",\"name\":\"Gruppo Montenegro\",\"description\":\"\",\"publisher\":{\"@id\":\"https:\/\/gruppomontenegro.com\/de\/#organization\"},\"potentialAction\":[{\"@type\":\"SearchAction\",\"target\":{\"@type\":\"EntryPoint\",\"urlTemplate\":\"https:\/\/gruppomontenegro.com\/de\/?s={search_term_string}\"},\"query-input\":{\"@type\":\"PropertyValueSpecification\",\"valueRequired\":true,\"valueName\":\"search_term_string\"}}],\"inLanguage\":\"de-DE\"},{\"@type\":\"Organization\",\"@id\":\"https:\/\/gruppomontenegro.com\/de\/#organization\",\"name\":\"Gruppo Montenegro\",\"url\":\"https:\/\/gruppomontenegro.com\/de\/\",\"logo\":{\"@type\":\"ImageObject\",\"inLanguage\":\"de-DE\",\"@id\":\"https:\/\/gruppomontenegro.com\/de\/#\/schema\/logo\/image\/\",\"url\":\"https:\/\/gruppomontenegro.com\/wp-content\/uploads\/2022\/12\/logo-montenegro.jpg\",\"contentUrl\":\"https:\/\/gruppomontenegro.com\/wp-content\/uploads\/2022\/12\/logo-montenegro.jpg\",\"width\":300,\"height\":200,\"caption\":\"Gruppo Montenegro\"},\"image\":{\"@id\":\"https:\/\/gruppomontenegro.com\/de\/#\/schema\/logo\/image\/\"}},{\"@type\":\"Person\",\"@id\":\"https:\/\/gruppomontenegro.com\/de\/#\/schema\/person\/6f55260c43e9cf31873bebd738eccaa4\",\"name\":\"Nowhere\"}]}<\/script>\n<!-- \/ Yoast SEO plugin. -->","yoast_head_json":{"title":"Gruppo Montenegro unterst\u00fctzt LGS Sport Camp | Gruppo Montenegro","description":"Gruppo Montenegro ist wie auch bei den vergangenen Auflagen Partner von LGS bei der Unterst\u00fctzung dieser wichtigen Veranstaltung, die vom 26. August bis zum 6. September zum dritten Mal stattgefunden hat.","robots":{"index":"index","follow":"follow","max-snippet":"max-snippet:-1","max-image-preview":"max-image-preview:large","max-video-preview":"max-video-preview:-1"},"canonical":"https:\/\/gruppomontenegro.com\/de\/gruppo-montenegro-unterstuetzt-lds-sport-camp\/","og_locale":"de_DE","og_type":"article","og_title":"Gruppo Montenegro unterst\u00fctzt LGS Sport Camp | Gruppo Montenegro","og_description":"Gruppo Montenegro ist wie auch bei den vergangenen Auflagen Partner von LGS bei der Unterst\u00fctzung dieser wichtigen Veranstaltung, die vom 26. August bis zum 6. September zum dritten Mal stattgefunden hat.","og_url":"https:\/\/gruppomontenegro.com\/de\/gruppo-montenegro-unterstuetzt-lds-sport-camp\/","og_site_name":"Gruppo Montenegro","article_published_time":"2025-09-12T07:00:21+00:00","article_modified_time":"2025-09-16T12:40:55+00:00","og_image":[{"width":1200,"height":550,"url":"https:\/\/gruppomontenegro.com\/wp-content\/uploads\/2022\/11\/Territorio-News-Cover.jpg","type":"image\/jpeg"}],"author":"Nowhere","twitter_card":"summary_large_image","schema":{"@context":"https:\/\/schema.org","@graph":[{"@type":["Article","BlogPosting"],"@id":"https:\/\/gruppomontenegro.com\/de\/gruppo-montenegro-unterstuetzt-lds-sport-camp\/#article","isPartOf":{"@id":"https:\/\/gruppomontenegro.com\/de\/gruppo-montenegro-unterstuetzt-lds-sport-camp\/"},"author":{"name":"Nowhere","@id":"https:\/\/gruppomontenegro.com\/de\/#\/schema\/person\/6f55260c43e9cf31873bebd738eccaa4"},"headline":"Gruppo Montenegro unterst\u00fctzt LGS Sport Camp","datePublished":"2025-09-12T07:00:21+00:00","dateModified":"2025-09-16T12:40:55+00:00","mainEntityOfPage":{"@id":"https:\/\/gruppomontenegro.com\/de\/gruppo-montenegro-unterstuetzt-lds-sport-camp\/"},"wordCount":180,"publisher":{"@id":"https:\/\/gruppomontenegro.com\/de\/#organization"},"image":{"@id":"https:\/\/gruppomontenegro.com\/de\/gruppo-montenegro-unterstuetzt-lds-sport-camp\/#primaryimage"},"thumbnailUrl":"https:\/\/gruppomontenegro.com\/wp-content\/uploads\/2022\/11\/Territorio-News-Cover.jpg","inLanguage":"de-DE"},{"@type":"WebPage","@id":"https:\/\/gruppomontenegro.com\/de\/gruppo-montenegro-unterstuetzt-lds-sport-camp\/","url":"https:\/\/gruppomontenegro.com\/de\/gruppo-montenegro-unterstuetzt-lds-sport-camp\/","name":"Gruppo Montenegro unterst\u00fctzt LGS Sport Camp | Gruppo Montenegro","isPartOf":{"@id":"https:\/\/gruppomontenegro.com\/de\/#website"},"primaryImageOfPage":{"@id":"https:\/\/gruppomontenegro.com\/de\/gruppo-montenegro-unterstuetzt-lds-sport-camp\/#primaryimage"},"image":{"@id":"https:\/\/gruppomontenegro.com\/de\/gruppo-montenegro-unterstuetzt-lds-sport-camp\/#primaryimage"},"thumbnailUrl":"https:\/\/gruppomontenegro.com\/wp-content\/uploads\/2022\/11\/Territorio-News-Cover.jpg","datePublished":"2025-09-12T07:00:21+00:00","dateModified":"2025-09-16T12:40:55+00:00","description":"Gruppo Montenegro ist wie auch bei den vergangenen Auflagen Partner von LGS bei der Unterst\u00fctzung dieser wichtigen Veranstaltung, die vom 26. August bis zum 6. September zum dritten Mal stattgefunden hat.","breadcrumb":{"@id":"https:\/\/gruppomontenegro.com\/de\/gruppo-montenegro-unterstuetzt-lds-sport-camp\/#breadcrumb"},"inLanguage":"de-DE","potentialAction":[{"@type":"ReadAction","target":["https:\/\/gruppomontenegro.com\/de\/gruppo-montenegro-unterstuetzt-lds-sport-camp\/"]}]},{"@type":"ImageObject","inLanguage":"de-DE","@id":"https:\/\/gruppomontenegro.com\/de\/gruppo-montenegro-unterstuetzt-lds-sport-camp\/#primaryimage","url":"https:\/\/gruppomontenegro.com\/wp-content\/uploads\/2022\/11\/Territorio-News-Cover.jpg","contentUrl":"https:\/\/gruppomontenegro.com\/wp-content\/uploads\/2022\/11\/Territorio-News-Cover.jpg","width":1200,"height":550},{"@type":"BreadcrumbList","@id":"https:\/\/gruppomontenegro.com\/de\/gruppo-montenegro-unterstuetzt-lds-sport-camp\/#breadcrumb","itemListElement":[{"@type":"ListItem","position":1,"name":"Home","item":"https:\/\/gruppomontenegro.com\/de\/"},{"@type":"ListItem","position":2,"name":"Gruppo Montenegro unterst\u00fctzt LGS Sport Camp"}]},{"@type":"WebSite","@id":"https:\/\/gruppomontenegro.com\/de\/#website","url":"https:\/\/gruppomontenegro.com\/de\/","name":"Gruppo Montenegro","description":"","publisher":{"@id":"https:\/\/gruppomontenegro.com\/de\/#organization"},"potentialAction":[{"@type":"SearchAction","target":{"@type":"EntryPoint","urlTemplate":"https:\/\/gruppomontenegro.com\/de\/?s={search_term_string}"},"query-input":{"@type":"PropertyValueSpecification","valueRequired":true,"valueName":"search_term_string"}}],"inLanguage":"de-DE"},{"@type":"Organization","@id":"https:\/\/gruppomontenegro.com\/de\/#organization","name":"Gruppo Montenegro","url":"https:\/\/gruppomontenegro.com\/de\/","logo":{"@type":"ImageObject","inLanguage":"de-DE","@id":"https:\/\/gruppomontenegro.com\/de\/#\/schema\/logo\/image\/","url":"https:\/\/gruppomontenegro.com\/wp-content\/uploads\/2022\/12\/logo-montenegro.jpg","contentUrl":"https:\/\/gruppomontenegro.com\/wp-content\/uploads\/2022\/12\/logo-montenegro.jpg","width":300,"height":200,"caption":"Gruppo Montenegro"},"image":{"@id":"https:\/\/gruppomontenegro.com\/de\/#\/schema\/logo\/image\/"}},{"@type":"Person","@id":"https:\/\/gruppomontenegro.com\/de\/#\/schema\/person\/6f55260c43e9cf31873bebd738eccaa4","name":"Nowhere"}]}},"_links":{"self":[{"href":"https:\/\/gruppomontenegro.com\/de\/wp-json\/wp\/v2\/posts\/4488","targetHints":{"allow":["GET"]}}],"collection":[{"href":"https:\/\/gruppomontenegro.com\/de\/wp-json\/wp\/v2\/posts"}],"about":[{"href":"https:\/\/gruppomontenegro.com\/de\/wp-json\/wp\/v2\/types\/post"}],"author":[{"embeddable":true,"href":"https:\/\/gruppomontenegro.com\/de\/wp-json\/wp\/v2\/users\/8"}],"replies":[{"embeddable":true,"href":"https:\/\/gruppomontenegro.com\/de\/wp-json\/wp\/v2\/comments?post=4488"}],"version-history":[{"count":4,"href":"https:\/\/gruppomontenegro.com\/de\/wp-json\/wp\/v2\/posts\/4488\/revisions"}],"predecessor-version":[{"id":8862,"href":"https:\/\/gruppomontenegro.com\/de\/wp-json\/wp\/v2\/posts\/4488\/revisions\/8862"}],"wp:featuredmedia":[{"embeddable":true,"href":"https:\/\/gruppomontenegro.com\/de\/wp-json\/wp\/v2\/media\/4230"}],"wp:attachment":[{"href":"https:\/\/gruppomontenegro.com\/de\/wp-json\/wp\/v2\/media?parent=4488"}],"wp:term":[{"taxonomy":"post_tag","embeddable":true,"href":"https:\/\/gruppomontenegro.com\/de\/wp-json\/wp\/v2\/tags?post=4488"},{"taxonomy":"categoria-notizia","embeddable":true,"href":"https:\/\/gruppomontenegro.com\/de\/wp-json\/wp\/v2\/categoria-notizia?post=4488"}],"curies":[{"name":"wp","href":"https:\/\/api.w.org\/{rel}","templated":true}]}}