{"id":4433,"date":"2021-09-28T09:50:25","date_gmt":"2021-09-28T07:50:25","guid":{"rendered":"https:\/\/gruppomontenegro.com\/29-settembre-una-giornata-importante-per-noi-e-per-il-futuro-del-nostro-pianeta\/"},"modified":"2025-08-28T15:40:43","modified_gmt":"2025-08-28T13:40:43","slug":"29-settembre-una-giornata-importante-per-noi-e-per-il-futuro-del-nostro-pianeta","status":"publish","type":"post","link":"https:\/\/gruppomontenegro.com\/de\/29-settembre-una-giornata-importante-per-noi-e-per-il-futuro-del-nostro-pianeta\/","title":{"rendered":"29. September: ein wichtiger Tag f\u00fcr uns und die Zukunft unseres Planeten!"},"content":{"rendered":"<p>Am Mittwoch, den 29. September findet zum zweiten Mal der <strong>von den Vereinten Nationen erkl\u00e4rte Internationale Tag gegen Lebensmittelverschwendung<\/strong> statt.<\/p>\n<p>Lebensmittel zu verschwenden bedeutet auch, die Ressourcen f\u00fcr ihre Erzeugung, d.h. Wasser, Boden und Energie zu verschwenden, und die Atmosph\u00e4re mit gro\u00dfen Mengen von Treibhausgasen zu belasten. Das hat schwerwiegende Folgen f\u00fcr unsere Gesundheit, auch in ethischer und sozialer Hinsicht, und den Zustand unseres Planeten.<\/p>\n<p>Dieser Zusammenhang macht deutlich, dass wir <strong>aktiv handeln m\u00fcssen, wenn wir einen konkreten Beitrag zum Schutz der Erde leisten m\u00f6chten<\/strong>.<\/p>\n<p><strong>Gruppo Montenegro handelt bereits!<\/strong> Die Teilnahme an der Initiative \u201eToo Good To Go\u201d gegen Lebensmittelverschwendung, die Verbraucher sensibilisiert und informiert, sieht eine Reihe von konkreten Aktionen mit unmittelbarem Einfluss auf das Problem der Lebensmittelverschwendung vor.<\/p>\n<p><strong>Eine praktische Umsetzung findet in allen unseren Betriebsrestaurants <\/strong>gemeinsam mit dem Partner CIR Food genau ab heute, dem 29. September statt.<\/p>\n","protected":false},"excerpt":{"rendered":"<p>Am Mittwoch, den 29. September findet zum zweiten Mal der  &#8230;<\/p>\n","protected":false},"author":8,"featured_media":3760,"comment_status":"closed","ping_status":"closed","sticky":false,"template":"","format":"standard","meta":{"footnotes":""},"tags":[],"categoria-notizia":[89,107],"class_list":["post-4433","post","type-post","status-publish","format-standard","has-post-thumbnail","hentry","categoria-notizia-die-gruppe","categoria-notizia-planet-de"],"yoast_head":"<!-- This site is optimized with the Yoast SEO plugin v27.1.1 - https:\/\/yoast.com\/product\/yoast-seo-wordpress\/ -->\n<title>29. September: ein wichtiger Tag f\u00fcr uns und die Zukunft unseres Planeten! | Gruppo Montenegro<\/title>\n<meta name=\"description\" content=\"Am Mittwoch, den 29. September findet zum zweiten Mal der von den Vereinten Nationen erkl\u00e4rte Internationale Tag gegen Lebensmittelverschwendung statt.\" \/>\n<meta name=\"robots\" content=\"index, follow, max-snippet:-1, max-image-preview:large, max-video-preview:-1\" \/>\n<link rel=\"canonical\" href=\"https:\/\/gruppomontenegro.com\/de\/29-settembre-una-giornata-importante-per-noi-e-per-il-futuro-del-nostro-pianeta\/\" \/>\n<meta property=\"og:locale\" content=\"de_DE\" \/>\n<meta property=\"og:type\" content=\"article\" \/>\n<meta property=\"og:title\" content=\"29. September: ein wichtiger Tag f\u00fcr uns und die Zukunft unseres Planeten! | Gruppo Montenegro\" \/>\n<meta property=\"og:description\" content=\"Am Mittwoch, den 29. September findet zum zweiten Mal der von den Vereinten Nationen erkl\u00e4rte Internationale Tag gegen Lebensmittelverschwendung statt.\" \/>\n<meta property=\"og:url\" content=\"https:\/\/gruppomontenegro.com\/de\/29-settembre-una-giornata-importante-per-noi-e-per-il-futuro-del-nostro-pianeta\/\" \/>\n<meta property=\"og:site_name\" content=\"Gruppo Montenegro\" \/>\n<meta property=\"article:published_time\" content=\"2021-09-28T07:50:25+00:00\" \/>\n<meta property=\"article:modified_time\" content=\"2025-08-28T13:40:43+00:00\" \/>\n<meta property=\"og:image\" content=\"https:\/\/gruppomontenegro.com\/wp-content\/uploads\/2022\/06\/HEADER-Progetti-e-iniziative.jpg\" \/>\n\t<meta property=\"og:image:width\" content=\"2000\" \/>\n\t<meta property=\"og:image:height\" content=\"738\" \/>\n\t<meta property=\"og:image:type\" content=\"image\/jpeg\" \/>\n<meta name=\"author\" content=\"Nowhere\" \/>\n<meta name=\"twitter:card\" content=\"summary_large_image\" \/>\n<script type=\"application\/ld+json\" class=\"yoast-schema-graph\">{\"@context\":\"https:\/\/schema.org\",\"@graph\":[{\"@type\":[\"Article\",\"BlogPosting\"],\"@id\":\"https:\/\/gruppomontenegro.com\/de\/29-settembre-una-giornata-importante-per-noi-e-per-il-futuro-del-nostro-pianeta\/#article\",\"isPartOf\":{\"@id\":\"https:\/\/gruppomontenegro.com\/de\/29-settembre-una-giornata-importante-per-noi-e-per-il-futuro-del-nostro-pianeta\/\"},\"author\":{\"name\":\"Nowhere\",\"@id\":\"https:\/\/gruppomontenegro.com\/de\/#\/schema\/person\/6f55260c43e9cf31873bebd738eccaa4\"},\"headline\":\"29. September: ein wichtiger Tag f\u00fcr uns und die Zukunft unseres Planeten!\",\"datePublished\":\"2021-09-28T07:50:25+00:00\",\"dateModified\":\"2025-08-28T13:40:43+00:00\",\"mainEntityOfPage\":{\"@id\":\"https:\/\/gruppomontenegro.com\/de\/29-settembre-una-giornata-importante-per-noi-e-per-il-futuro-del-nostro-pianeta\/\"},\"wordCount\":159,\"publisher\":{\"@id\":\"https:\/\/gruppomontenegro.com\/de\/#organization\"},\"image\":{\"@id\":\"https:\/\/gruppomontenegro.com\/de\/29-settembre-una-giornata-importante-per-noi-e-per-il-futuro-del-nostro-pianeta\/#primaryimage\"},\"thumbnailUrl\":\"https:\/\/gruppomontenegro.com\/wp-content\/uploads\/2022\/06\/HEADER-Progetti-e-iniziative.jpg\",\"inLanguage\":\"de-DE\"},{\"@type\":\"WebPage\",\"@id\":\"https:\/\/gruppomontenegro.com\/de\/29-settembre-una-giornata-importante-per-noi-e-per-il-futuro-del-nostro-pianeta\/\",\"url\":\"https:\/\/gruppomontenegro.com\/de\/29-settembre-una-giornata-importante-per-noi-e-per-il-futuro-del-nostro-pianeta\/\",\"name\":\"29. September: ein wichtiger Tag f\u00fcr uns und die Zukunft unseres Planeten! | Gruppo Montenegro\",\"isPartOf\":{\"@id\":\"https:\/\/gruppomontenegro.com\/de\/#website\"},\"primaryImageOfPage\":{\"@id\":\"https:\/\/gruppomontenegro.com\/de\/29-settembre-una-giornata-importante-per-noi-e-per-il-futuro-del-nostro-pianeta\/#primaryimage\"},\"image\":{\"@id\":\"https:\/\/gruppomontenegro.com\/de\/29-settembre-una-giornata-importante-per-noi-e-per-il-futuro-del-nostro-pianeta\/#primaryimage\"},\"thumbnailUrl\":\"https:\/\/gruppomontenegro.com\/wp-content\/uploads\/2022\/06\/HEADER-Progetti-e-iniziative.jpg\",\"datePublished\":\"2021-09-28T07:50:25+00:00\",\"dateModified\":\"2025-08-28T13:40:43+00:00\",\"description\":\"Am Mittwoch, den 29. September findet zum zweiten Mal der von den Vereinten Nationen erkl\u00e4rte Internationale Tag gegen Lebensmittelverschwendung statt.\",\"breadcrumb\":{\"@id\":\"https:\/\/gruppomontenegro.com\/de\/29-settembre-una-giornata-importante-per-noi-e-per-il-futuro-del-nostro-pianeta\/#breadcrumb\"},\"inLanguage\":\"de-DE\",\"potentialAction\":[{\"@type\":\"ReadAction\",\"target\":[\"https:\/\/gruppomontenegro.com\/de\/29-settembre-una-giornata-importante-per-noi-e-per-il-futuro-del-nostro-pianeta\/\"]}]},{\"@type\":\"ImageObject\",\"inLanguage\":\"de-DE\",\"@id\":\"https:\/\/gruppomontenegro.com\/de\/29-settembre-una-giornata-importante-per-noi-e-per-il-futuro-del-nostro-pianeta\/#primaryimage\",\"url\":\"https:\/\/gruppomontenegro.com\/wp-content\/uploads\/2022\/06\/HEADER-Progetti-e-iniziative.jpg\",\"contentUrl\":\"https:\/\/gruppomontenegro.com\/wp-content\/uploads\/2022\/06\/HEADER-Progetti-e-iniziative.jpg\",\"width\":2000,\"height\":738},{\"@type\":\"BreadcrumbList\",\"@id\":\"https:\/\/gruppomontenegro.com\/de\/29-settembre-una-giornata-importante-per-noi-e-per-il-futuro-del-nostro-pianeta\/#breadcrumb\",\"itemListElement\":[{\"@type\":\"ListItem\",\"position\":1,\"name\":\"Home\",\"item\":\"https:\/\/gruppomontenegro.com\/de\/\"},{\"@type\":\"ListItem\",\"position\":2,\"name\":\"29. September: ein wichtiger Tag f\u00fcr uns und die Zukunft unseres Planeten!\"}]},{\"@type\":\"WebSite\",\"@id\":\"https:\/\/gruppomontenegro.com\/de\/#website\",\"url\":\"https:\/\/gruppomontenegro.com\/de\/\",\"name\":\"Gruppo Montenegro\",\"description\":\"\",\"publisher\":{\"@id\":\"https:\/\/gruppomontenegro.com\/de\/#organization\"},\"potentialAction\":[{\"@type\":\"SearchAction\",\"target\":{\"@type\":\"EntryPoint\",\"urlTemplate\":\"https:\/\/gruppomontenegro.com\/de\/?s={search_term_string}\"},\"query-input\":{\"@type\":\"PropertyValueSpecification\",\"valueRequired\":true,\"valueName\":\"search_term_string\"}}],\"inLanguage\":\"de-DE\"},{\"@type\":\"Organization\",\"@id\":\"https:\/\/gruppomontenegro.com\/de\/#organization\",\"name\":\"Gruppo Montenegro\",\"url\":\"https:\/\/gruppomontenegro.com\/de\/\",\"logo\":{\"@type\":\"ImageObject\",\"inLanguage\":\"de-DE\",\"@id\":\"https:\/\/gruppomontenegro.com\/de\/#\/schema\/logo\/image\/\",\"url\":\"https:\/\/gruppomontenegro.com\/wp-content\/uploads\/2022\/12\/logo-montenegro.jpg\",\"contentUrl\":\"https:\/\/gruppomontenegro.com\/wp-content\/uploads\/2022\/12\/logo-montenegro.jpg\",\"width\":300,\"height\":200,\"caption\":\"Gruppo Montenegro\"},\"image\":{\"@id\":\"https:\/\/gruppomontenegro.com\/de\/#\/schema\/logo\/image\/\"}},{\"@type\":\"Person\",\"@id\":\"https:\/\/gruppomontenegro.com\/de\/#\/schema\/person\/6f55260c43e9cf31873bebd738eccaa4\",\"name\":\"Nowhere\"}]}<\/script>\n<!-- \/ Yoast SEO plugin. -->","yoast_head_json":{"title":"29. September: ein wichtiger Tag f\u00fcr uns und die Zukunft unseres Planeten! | Gruppo Montenegro","description":"Am Mittwoch, den 29. September findet zum zweiten Mal der von den Vereinten Nationen erkl\u00e4rte Internationale Tag gegen Lebensmittelverschwendung statt.","robots":{"index":"index","follow":"follow","max-snippet":"max-snippet:-1","max-image-preview":"max-image-preview:large","max-video-preview":"max-video-preview:-1"},"canonical":"https:\/\/gruppomontenegro.com\/de\/29-settembre-una-giornata-importante-per-noi-e-per-il-futuro-del-nostro-pianeta\/","og_locale":"de_DE","og_type":"article","og_title":"29. September: ein wichtiger Tag f\u00fcr uns und die Zukunft unseres Planeten! | Gruppo Montenegro","og_description":"Am Mittwoch, den 29. September findet zum zweiten Mal der von den Vereinten Nationen erkl\u00e4rte Internationale Tag gegen Lebensmittelverschwendung statt.","og_url":"https:\/\/gruppomontenegro.com\/de\/29-settembre-una-giornata-importante-per-noi-e-per-il-futuro-del-nostro-pianeta\/","og_site_name":"Gruppo Montenegro","article_published_time":"2021-09-28T07:50:25+00:00","article_modified_time":"2025-08-28T13:40:43+00:00","og_image":[{"width":2000,"height":738,"url":"https:\/\/gruppomontenegro.com\/wp-content\/uploads\/2022\/06\/HEADER-Progetti-e-iniziative.jpg","type":"image\/jpeg"}],"author":"Nowhere","twitter_card":"summary_large_image","schema":{"@context":"https:\/\/schema.org","@graph":[{"@type":["Article","BlogPosting"],"@id":"https:\/\/gruppomontenegro.com\/de\/29-settembre-una-giornata-importante-per-noi-e-per-il-futuro-del-nostro-pianeta\/#article","isPartOf":{"@id":"https:\/\/gruppomontenegro.com\/de\/29-settembre-una-giornata-importante-per-noi-e-per-il-futuro-del-nostro-pianeta\/"},"author":{"name":"Nowhere","@id":"https:\/\/gruppomontenegro.com\/de\/#\/schema\/person\/6f55260c43e9cf31873bebd738eccaa4"},"headline":"29. September: ein wichtiger Tag f\u00fcr uns und die Zukunft unseres Planeten!","datePublished":"2021-09-28T07:50:25+00:00","dateModified":"2025-08-28T13:40:43+00:00","mainEntityOfPage":{"@id":"https:\/\/gruppomontenegro.com\/de\/29-settembre-una-giornata-importante-per-noi-e-per-il-futuro-del-nostro-pianeta\/"},"wordCount":159,"publisher":{"@id":"https:\/\/gruppomontenegro.com\/de\/#organization"},"image":{"@id":"https:\/\/gruppomontenegro.com\/de\/29-settembre-una-giornata-importante-per-noi-e-per-il-futuro-del-nostro-pianeta\/#primaryimage"},"thumbnailUrl":"https:\/\/gruppomontenegro.com\/wp-content\/uploads\/2022\/06\/HEADER-Progetti-e-iniziative.jpg","inLanguage":"de-DE"},{"@type":"WebPage","@id":"https:\/\/gruppomontenegro.com\/de\/29-settembre-una-giornata-importante-per-noi-e-per-il-futuro-del-nostro-pianeta\/","url":"https:\/\/gruppomontenegro.com\/de\/29-settembre-una-giornata-importante-per-noi-e-per-il-futuro-del-nostro-pianeta\/","name":"29. September: ein wichtiger Tag f\u00fcr uns und die Zukunft unseres Planeten! | Gruppo Montenegro","isPartOf":{"@id":"https:\/\/gruppomontenegro.com\/de\/#website"},"primaryImageOfPage":{"@id":"https:\/\/gruppomontenegro.com\/de\/29-settembre-una-giornata-importante-per-noi-e-per-il-futuro-del-nostro-pianeta\/#primaryimage"},"image":{"@id":"https:\/\/gruppomontenegro.com\/de\/29-settembre-una-giornata-importante-per-noi-e-per-il-futuro-del-nostro-pianeta\/#primaryimage"},"thumbnailUrl":"https:\/\/gruppomontenegro.com\/wp-content\/uploads\/2022\/06\/HEADER-Progetti-e-iniziative.jpg","datePublished":"2021-09-28T07:50:25+00:00","dateModified":"2025-08-28T13:40:43+00:00","description":"Am Mittwoch, den 29. September findet zum zweiten Mal der von den Vereinten Nationen erkl\u00e4rte Internationale Tag gegen Lebensmittelverschwendung statt.","breadcrumb":{"@id":"https:\/\/gruppomontenegro.com\/de\/29-settembre-una-giornata-importante-per-noi-e-per-il-futuro-del-nostro-pianeta\/#breadcrumb"},"inLanguage":"de-DE","potentialAction":[{"@type":"ReadAction","target":["https:\/\/gruppomontenegro.com\/de\/29-settembre-una-giornata-importante-per-noi-e-per-il-futuro-del-nostro-pianeta\/"]}]},{"@type":"ImageObject","inLanguage":"de-DE","@id":"https:\/\/gruppomontenegro.com\/de\/29-settembre-una-giornata-importante-per-noi-e-per-il-futuro-del-nostro-pianeta\/#primaryimage","url":"https:\/\/gruppomontenegro.com\/wp-content\/uploads\/2022\/06\/HEADER-Progetti-e-iniziative.jpg","contentUrl":"https:\/\/gruppomontenegro.com\/wp-content\/uploads\/2022\/06\/HEADER-Progetti-e-iniziative.jpg","width":2000,"height":738},{"@type":"BreadcrumbList","@id":"https:\/\/gruppomontenegro.com\/de\/29-settembre-una-giornata-importante-per-noi-e-per-il-futuro-del-nostro-pianeta\/#breadcrumb","itemListElement":[{"@type":"ListItem","position":1,"name":"Home","item":"https:\/\/gruppomontenegro.com\/de\/"},{"@type":"ListItem","position":2,"name":"29. September: ein wichtiger Tag f\u00fcr uns und die Zukunft unseres Planeten!"}]},{"@type":"WebSite","@id":"https:\/\/gruppomontenegro.com\/de\/#website","url":"https:\/\/gruppomontenegro.com\/de\/","name":"Gruppo Montenegro","description":"","publisher":{"@id":"https:\/\/gruppomontenegro.com\/de\/#organization"},"potentialAction":[{"@type":"SearchAction","target":{"@type":"EntryPoint","urlTemplate":"https:\/\/gruppomontenegro.com\/de\/?s={search_term_string}"},"query-input":{"@type":"PropertyValueSpecification","valueRequired":true,"valueName":"search_term_string"}}],"inLanguage":"de-DE"},{"@type":"Organization","@id":"https:\/\/gruppomontenegro.com\/de\/#organization","name":"Gruppo Montenegro","url":"https:\/\/gruppomontenegro.com\/de\/","logo":{"@type":"ImageObject","inLanguage":"de-DE","@id":"https:\/\/gruppomontenegro.com\/de\/#\/schema\/logo\/image\/","url":"https:\/\/gruppomontenegro.com\/wp-content\/uploads\/2022\/12\/logo-montenegro.jpg","contentUrl":"https:\/\/gruppomontenegro.com\/wp-content\/uploads\/2022\/12\/logo-montenegro.jpg","width":300,"height":200,"caption":"Gruppo Montenegro"},"image":{"@id":"https:\/\/gruppomontenegro.com\/de\/#\/schema\/logo\/image\/"}},{"@type":"Person","@id":"https:\/\/gruppomontenegro.com\/de\/#\/schema\/person\/6f55260c43e9cf31873bebd738eccaa4","name":"Nowhere"}]}},"_links":{"self":[{"href":"https:\/\/gruppomontenegro.com\/de\/wp-json\/wp\/v2\/posts\/4433","targetHints":{"allow":["GET"]}}],"collection":[{"href":"https:\/\/gruppomontenegro.com\/de\/wp-json\/wp\/v2\/posts"}],"about":[{"href":"https:\/\/gruppomontenegro.com\/de\/wp-json\/wp\/v2\/types\/post"}],"author":[{"embeddable":true,"href":"https:\/\/gruppomontenegro.com\/de\/wp-json\/wp\/v2\/users\/8"}],"replies":[{"embeddable":true,"href":"https:\/\/gruppomontenegro.com\/de\/wp-json\/wp\/v2\/comments?post=4433"}],"version-history":[{"count":1,"href":"https:\/\/gruppomontenegro.com\/de\/wp-json\/wp\/v2\/posts\/4433\/revisions"}],"predecessor-version":[{"id":8843,"href":"https:\/\/gruppomontenegro.com\/de\/wp-json\/wp\/v2\/posts\/4433\/revisions\/8843"}],"wp:featuredmedia":[{"embeddable":true,"href":"https:\/\/gruppomontenegro.com\/de\/wp-json\/wp\/v2\/media\/3760"}],"wp:attachment":[{"href":"https:\/\/gruppomontenegro.com\/de\/wp-json\/wp\/v2\/media?parent=4433"}],"wp:term":[{"taxonomy":"post_tag","embeddable":true,"href":"https:\/\/gruppomontenegro.com\/de\/wp-json\/wp\/v2\/tags?post=4433"},{"taxonomy":"categoria-notizia","embeddable":true,"href":"https:\/\/gruppomontenegro.com\/de\/wp-json\/wp\/v2\/categoria-notizia?post=4433"}],"curies":[{"name":"wp","href":"https:\/\/api.w.org\/{rel}","templated":true}]}}