{"id":4426,"date":"2021-11-22T15:30:37","date_gmt":"2021-11-22T14:30:37","guid":{"rendered":"https:\/\/gruppomontenegro.com\/bonomelli-per-il-sociale-un-automezzo-per-il-comune-di-lecco\/"},"modified":"2022-12-19T17:01:35","modified_gmt":"2022-12-19T16:01:35","slug":"bonomelli-fuers-soziale-ein-fahrzeug-fuer-die-gemeinde-von-lecco","status":"publish","type":"post","link":"https:\/\/gruppomontenegro.com\/de\/bonomelli-fuers-soziale-ein-fahrzeug-fuer-die-gemeinde-von-lecco\/","title":{"rendered":"Bonomelli f\u00fcrs Soziale, ein Fahrzeug f\u00fcr die Gemeinde von Lecco"},"content":{"rendered":"<div class=\"fusion-fullwidth fullwidth-box fusion-builder-row-1 fusion-flex-container nonhundred-percent-fullwidth non-hundred-percent-height-scrolling\" style=\"--awb-border-radius-top-left:0px;--awb-border-radius-top-right:0px;--awb-border-radius-bottom-right:0px;--awb-border-radius-bottom-left:0px;--awb-flex-wrap:wrap;\" ><div class=\"fusion-builder-row fusion-row fusion-flex-align-items-flex-start fusion-flex-content-wrap\" style=\"max-width:1248px;margin-left: calc(-4% \/ 2 );margin-right: calc(-4% \/ 2 );\"><div class=\"fusion-layout-column fusion_builder_column fusion-builder-column-0 fusion_builder_column_1_1 1_1 fusion-flex-column\" style=\"--awb-bg-size:cover;--awb-width-large:100%;--awb-margin-top-large:0px;--awb-spacing-right-large:1.92%;--awb-margin-bottom-large:0px;--awb-spacing-left-large:1.92%;--awb-width-medium:100%;--awb-spacing-right-medium:1.92%;--awb-spacing-left-medium:1.92%;--awb-width-small:100%;--awb-spacing-right-small:1.92%;--awb-spacing-left-small:1.92%;\"><div class=\"fusion-column-wrapper fusion-flex-justify-content-flex-start fusion-content-layout-column\"><div class=\"fusion-text fusion-text-1\"><p>Am Freitag, den 9. Oktober 2021 wurde in San Giovanni in Lecco im \u201eHaus der Solidarit\u00e4t und des Dritten Lebensalters\u201c das neue Fahrzeug f\u00fcr die soziale Begleitung \u00fcbergeben, das vom Provinzverband Auser genutzt wird.<\/p>\n<p>Es ist f\u00fcr den Transport und die Begleitung von Menschen mit eingeschr\u00e4nkter Mobilit\u00e4t ausger\u00fcstet und dient dem zunehmenden Unterst\u00fctzungsbedarf sozial Geschw\u00e4chter und der Gemeinde f\u00fcr ihre eigenen Sozialdienste.<\/p>\n<p>Als Gruppo Montenegro \u2013 Bonomelli Food Division haben wir unseren Beitrag zur Ausstattung des Fahrzeugs geleistet.<\/p>\n<p>Denn wir sind immer mehr von der Notwendigkeit \u00fcberzeugt, dass durch den \u00f6ffentlichen und den privaten Sektor Synergien geschaffen werden sollten, um den Bed\u00fcrfnissen und Anforderungen der lokalen Gemeinschaften Folge leisten zu k\u00f6nnen.<\/p>\n<\/div><div class=\"fusion-image-element \" style=\"--awb-caption-title-font-family:var(--h2_typography-font-family);--awb-caption-title-font-weight:var(--h2_typography-font-weight);--awb-caption-title-font-style:var(--h2_typography-font-style);--awb-caption-title-size:var(--h2_typography-font-size);--awb-caption-title-transform:var(--h2_typography-text-transform);--awb-caption-title-line-height:var(--h2_typography-line-height);--awb-caption-title-letter-spacing:var(--h2_typography-letter-spacing);\"><span class=\" fusion-imageframe imageframe-none imageframe-1 hover-type-none\"><img decoding=\"async\" width=\"1200\" height=\"900\" title=\"bonomelli-automezzo-comune-lecco\" src=\"https:\/\/gruppomontenegro.com\/wp-content\/uploads\/2021\/11\/bonomelli-automezzo-comune-lecco.jpg\" alt class=\"img-responsive wp-image-3654\" srcset=\"https:\/\/gruppomontenegro.com\/wp-content\/uploads\/2021\/11\/bonomelli-automezzo-comune-lecco-200x150.jpg 200w, https:\/\/gruppomontenegro.com\/wp-content\/uploads\/2021\/11\/bonomelli-automezzo-comune-lecco-400x300.jpg 400w, https:\/\/gruppomontenegro.com\/wp-content\/uploads\/2021\/11\/bonomelli-automezzo-comune-lecco-600x450.jpg 600w, https:\/\/gruppomontenegro.com\/wp-content\/uploads\/2021\/11\/bonomelli-automezzo-comune-lecco-800x600.jpg 800w, https:\/\/gruppomontenegro.com\/wp-content\/uploads\/2021\/11\/bonomelli-automezzo-comune-lecco.jpg 1200w\" sizes=\"(max-width: 640px) 100vw, 1200px\" \/><\/span><\/div><\/div><\/div><\/div><\/div>\n","protected":false},"excerpt":{"rendered":"","protected":false},"author":8,"featured_media":4230,"comment_status":"closed","ping_status":"closed","sticky":false,"template":"","format":"standard","meta":{"footnotes":""},"tags":[],"categoria-notizia":[89,101,104],"class_list":["post-4426","post","type-post","status-publish","format-standard","has-post-thumbnail","hentry","categoria-notizia-die-gruppe","categoria-notizia-gebiet","categoria-notizia-people-de"],"yoast_head":"<!-- This site is optimized with the Yoast SEO plugin v27.1.1 - https:\/\/yoast.com\/product\/yoast-seo-wordpress\/ -->\n<title>Bonomelli f\u00fcrs Soziale, ein Fahrzeug f\u00fcr die Gemeinde von Lecco | Gruppo Montenegro<\/title>\n<meta name=\"robots\" content=\"index, follow, max-snippet:-1, max-image-preview:large, max-video-preview:-1\" \/>\n<link rel=\"canonical\" href=\"https:\/\/gruppomontenegro.com\/de\/bonomelli-fuers-soziale-ein-fahrzeug-fuer-die-gemeinde-von-lecco\/\" \/>\n<meta property=\"og:locale\" content=\"de_DE\" \/>\n<meta property=\"og:type\" content=\"article\" \/>\n<meta property=\"og:title\" content=\"Bonomelli f\u00fcrs Soziale, ein Fahrzeug f\u00fcr die Gemeinde von Lecco | Gruppo Montenegro\" \/>\n<meta property=\"og:url\" content=\"https:\/\/gruppomontenegro.com\/de\/bonomelli-fuers-soziale-ein-fahrzeug-fuer-die-gemeinde-von-lecco\/\" \/>\n<meta property=\"og:site_name\" content=\"Gruppo Montenegro\" \/>\n<meta property=\"article:published_time\" content=\"2021-11-22T14:30:37+00:00\" \/>\n<meta property=\"article:modified_time\" content=\"2022-12-19T16:01:35+00:00\" \/>\n<meta property=\"og:image\" content=\"https:\/\/gruppomontenegro.com\/wp-content\/uploads\/2022\/11\/Territorio-News-Cover.jpg\" \/>\n\t<meta property=\"og:image:width\" content=\"1200\" \/>\n\t<meta property=\"og:image:height\" content=\"550\" \/>\n\t<meta property=\"og:image:type\" content=\"image\/jpeg\" \/>\n<meta name=\"author\" content=\"Nowhere\" \/>\n<meta name=\"twitter:card\" content=\"summary_large_image\" \/>\n<script type=\"application\/ld+json\" class=\"yoast-schema-graph\">{\"@context\":\"https:\/\/schema.org\",\"@graph\":[{\"@type\":[\"Article\",\"BlogPosting\"],\"@id\":\"https:\/\/gruppomontenegro.com\/de\/bonomelli-fuers-soziale-ein-fahrzeug-fuer-die-gemeinde-von-lecco\/#article\",\"isPartOf\":{\"@id\":\"https:\/\/gruppomontenegro.com\/de\/bonomelli-fuers-soziale-ein-fahrzeug-fuer-die-gemeinde-von-lecco\/\"},\"author\":{\"name\":\"Nowhere\",\"@id\":\"https:\/\/gruppomontenegro.com\/de\/#\/schema\/person\/6f55260c43e9cf31873bebd738eccaa4\"},\"headline\":\"Bonomelli f\u00fcrs Soziale, ein Fahrzeug f\u00fcr die Gemeinde von Lecco\",\"datePublished\":\"2021-11-22T14:30:37+00:00\",\"dateModified\":\"2022-12-19T16:01:35+00:00\",\"mainEntityOfPage\":{\"@id\":\"https:\/\/gruppomontenegro.com\/de\/bonomelli-fuers-soziale-ein-fahrzeug-fuer-die-gemeinde-von-lecco\/\"},\"wordCount\":654,\"publisher\":{\"@id\":\"https:\/\/gruppomontenegro.com\/de\/#organization\"},\"image\":{\"@id\":\"https:\/\/gruppomontenegro.com\/de\/bonomelli-fuers-soziale-ein-fahrzeug-fuer-die-gemeinde-von-lecco\/#primaryimage\"},\"thumbnailUrl\":\"https:\/\/gruppomontenegro.com\/wp-content\/uploads\/2022\/11\/Territorio-News-Cover.jpg\",\"inLanguage\":\"de-DE\"},{\"@type\":\"WebPage\",\"@id\":\"https:\/\/gruppomontenegro.com\/de\/bonomelli-fuers-soziale-ein-fahrzeug-fuer-die-gemeinde-von-lecco\/\",\"url\":\"https:\/\/gruppomontenegro.com\/de\/bonomelli-fuers-soziale-ein-fahrzeug-fuer-die-gemeinde-von-lecco\/\",\"name\":\"Bonomelli f\u00fcrs Soziale, ein Fahrzeug f\u00fcr die Gemeinde von Lecco | Gruppo Montenegro\",\"isPartOf\":{\"@id\":\"https:\/\/gruppomontenegro.com\/de\/#website\"},\"primaryImageOfPage\":{\"@id\":\"https:\/\/gruppomontenegro.com\/de\/bonomelli-fuers-soziale-ein-fahrzeug-fuer-die-gemeinde-von-lecco\/#primaryimage\"},\"image\":{\"@id\":\"https:\/\/gruppomontenegro.com\/de\/bonomelli-fuers-soziale-ein-fahrzeug-fuer-die-gemeinde-von-lecco\/#primaryimage\"},\"thumbnailUrl\":\"https:\/\/gruppomontenegro.com\/wp-content\/uploads\/2022\/11\/Territorio-News-Cover.jpg\",\"datePublished\":\"2021-11-22T14:30:37+00:00\",\"dateModified\":\"2022-12-19T16:01:35+00:00\",\"breadcrumb\":{\"@id\":\"https:\/\/gruppomontenegro.com\/de\/bonomelli-fuers-soziale-ein-fahrzeug-fuer-die-gemeinde-von-lecco\/#breadcrumb\"},\"inLanguage\":\"de-DE\",\"potentialAction\":[{\"@type\":\"ReadAction\",\"target\":[\"https:\/\/gruppomontenegro.com\/de\/bonomelli-fuers-soziale-ein-fahrzeug-fuer-die-gemeinde-von-lecco\/\"]}]},{\"@type\":\"ImageObject\",\"inLanguage\":\"de-DE\",\"@id\":\"https:\/\/gruppomontenegro.com\/de\/bonomelli-fuers-soziale-ein-fahrzeug-fuer-die-gemeinde-von-lecco\/#primaryimage\",\"url\":\"https:\/\/gruppomontenegro.com\/wp-content\/uploads\/2022\/11\/Territorio-News-Cover.jpg\",\"contentUrl\":\"https:\/\/gruppomontenegro.com\/wp-content\/uploads\/2022\/11\/Territorio-News-Cover.jpg\",\"width\":1200,\"height\":550},{\"@type\":\"BreadcrumbList\",\"@id\":\"https:\/\/gruppomontenegro.com\/de\/bonomelli-fuers-soziale-ein-fahrzeug-fuer-die-gemeinde-von-lecco\/#breadcrumb\",\"itemListElement\":[{\"@type\":\"ListItem\",\"position\":1,\"name\":\"Home\",\"item\":\"https:\/\/gruppomontenegro.com\/de\/\"},{\"@type\":\"ListItem\",\"position\":2,\"name\":\"Bonomelli f\u00fcrs Soziale, ein Fahrzeug f\u00fcr die Gemeinde von Lecco\"}]},{\"@type\":\"WebSite\",\"@id\":\"https:\/\/gruppomontenegro.com\/de\/#website\",\"url\":\"https:\/\/gruppomontenegro.com\/de\/\",\"name\":\"Gruppo Montenegro\",\"description\":\"\",\"publisher\":{\"@id\":\"https:\/\/gruppomontenegro.com\/de\/#organization\"},\"potentialAction\":[{\"@type\":\"SearchAction\",\"target\":{\"@type\":\"EntryPoint\",\"urlTemplate\":\"https:\/\/gruppomontenegro.com\/de\/?s={search_term_string}\"},\"query-input\":{\"@type\":\"PropertyValueSpecification\",\"valueRequired\":true,\"valueName\":\"search_term_string\"}}],\"inLanguage\":\"de-DE\"},{\"@type\":\"Organization\",\"@id\":\"https:\/\/gruppomontenegro.com\/de\/#organization\",\"name\":\"Gruppo Montenegro\",\"url\":\"https:\/\/gruppomontenegro.com\/de\/\",\"logo\":{\"@type\":\"ImageObject\",\"inLanguage\":\"de-DE\",\"@id\":\"https:\/\/gruppomontenegro.com\/de\/#\/schema\/logo\/image\/\",\"url\":\"https:\/\/gruppomontenegro.com\/wp-content\/uploads\/2022\/12\/logo-montenegro.jpg\",\"contentUrl\":\"https:\/\/gruppomontenegro.com\/wp-content\/uploads\/2022\/12\/logo-montenegro.jpg\",\"width\":300,\"height\":200,\"caption\":\"Gruppo Montenegro\"},\"image\":{\"@id\":\"https:\/\/gruppomontenegro.com\/de\/#\/schema\/logo\/image\/\"}},{\"@type\":\"Person\",\"@id\":\"https:\/\/gruppomontenegro.com\/de\/#\/schema\/person\/6f55260c43e9cf31873bebd738eccaa4\",\"name\":\"Nowhere\"}]}<\/script>\n<!-- \/ Yoast SEO plugin. -->","yoast_head_json":{"title":"Bonomelli f\u00fcrs Soziale, ein Fahrzeug f\u00fcr die Gemeinde von Lecco | Gruppo Montenegro","robots":{"index":"index","follow":"follow","max-snippet":"max-snippet:-1","max-image-preview":"max-image-preview:large","max-video-preview":"max-video-preview:-1"},"canonical":"https:\/\/gruppomontenegro.com\/de\/bonomelli-fuers-soziale-ein-fahrzeug-fuer-die-gemeinde-von-lecco\/","og_locale":"de_DE","og_type":"article","og_title":"Bonomelli f\u00fcrs Soziale, ein Fahrzeug f\u00fcr die Gemeinde von Lecco | Gruppo Montenegro","og_url":"https:\/\/gruppomontenegro.com\/de\/bonomelli-fuers-soziale-ein-fahrzeug-fuer-die-gemeinde-von-lecco\/","og_site_name":"Gruppo Montenegro","article_published_time":"2021-11-22T14:30:37+00:00","article_modified_time":"2022-12-19T16:01:35+00:00","og_image":[{"width":1200,"height":550,"url":"https:\/\/gruppomontenegro.com\/wp-content\/uploads\/2022\/11\/Territorio-News-Cover.jpg","type":"image\/jpeg"}],"author":"Nowhere","twitter_card":"summary_large_image","schema":{"@context":"https:\/\/schema.org","@graph":[{"@type":["Article","BlogPosting"],"@id":"https:\/\/gruppomontenegro.com\/de\/bonomelli-fuers-soziale-ein-fahrzeug-fuer-die-gemeinde-von-lecco\/#article","isPartOf":{"@id":"https:\/\/gruppomontenegro.com\/de\/bonomelli-fuers-soziale-ein-fahrzeug-fuer-die-gemeinde-von-lecco\/"},"author":{"name":"Nowhere","@id":"https:\/\/gruppomontenegro.com\/de\/#\/schema\/person\/6f55260c43e9cf31873bebd738eccaa4"},"headline":"Bonomelli f\u00fcrs Soziale, ein Fahrzeug f\u00fcr die Gemeinde von Lecco","datePublished":"2021-11-22T14:30:37+00:00","dateModified":"2022-12-19T16:01:35+00:00","mainEntityOfPage":{"@id":"https:\/\/gruppomontenegro.com\/de\/bonomelli-fuers-soziale-ein-fahrzeug-fuer-die-gemeinde-von-lecco\/"},"wordCount":654,"publisher":{"@id":"https:\/\/gruppomontenegro.com\/de\/#organization"},"image":{"@id":"https:\/\/gruppomontenegro.com\/de\/bonomelli-fuers-soziale-ein-fahrzeug-fuer-die-gemeinde-von-lecco\/#primaryimage"},"thumbnailUrl":"https:\/\/gruppomontenegro.com\/wp-content\/uploads\/2022\/11\/Territorio-News-Cover.jpg","inLanguage":"de-DE"},{"@type":"WebPage","@id":"https:\/\/gruppomontenegro.com\/de\/bonomelli-fuers-soziale-ein-fahrzeug-fuer-die-gemeinde-von-lecco\/","url":"https:\/\/gruppomontenegro.com\/de\/bonomelli-fuers-soziale-ein-fahrzeug-fuer-die-gemeinde-von-lecco\/","name":"Bonomelli f\u00fcrs Soziale, ein Fahrzeug f\u00fcr die Gemeinde von Lecco | Gruppo Montenegro","isPartOf":{"@id":"https:\/\/gruppomontenegro.com\/de\/#website"},"primaryImageOfPage":{"@id":"https:\/\/gruppomontenegro.com\/de\/bonomelli-fuers-soziale-ein-fahrzeug-fuer-die-gemeinde-von-lecco\/#primaryimage"},"image":{"@id":"https:\/\/gruppomontenegro.com\/de\/bonomelli-fuers-soziale-ein-fahrzeug-fuer-die-gemeinde-von-lecco\/#primaryimage"},"thumbnailUrl":"https:\/\/gruppomontenegro.com\/wp-content\/uploads\/2022\/11\/Territorio-News-Cover.jpg","datePublished":"2021-11-22T14:30:37+00:00","dateModified":"2022-12-19T16:01:35+00:00","breadcrumb":{"@id":"https:\/\/gruppomontenegro.com\/de\/bonomelli-fuers-soziale-ein-fahrzeug-fuer-die-gemeinde-von-lecco\/#breadcrumb"},"inLanguage":"de-DE","potentialAction":[{"@type":"ReadAction","target":["https:\/\/gruppomontenegro.com\/de\/bonomelli-fuers-soziale-ein-fahrzeug-fuer-die-gemeinde-von-lecco\/"]}]},{"@type":"ImageObject","inLanguage":"de-DE","@id":"https:\/\/gruppomontenegro.com\/de\/bonomelli-fuers-soziale-ein-fahrzeug-fuer-die-gemeinde-von-lecco\/#primaryimage","url":"https:\/\/gruppomontenegro.com\/wp-content\/uploads\/2022\/11\/Territorio-News-Cover.jpg","contentUrl":"https:\/\/gruppomontenegro.com\/wp-content\/uploads\/2022\/11\/Territorio-News-Cover.jpg","width":1200,"height":550},{"@type":"BreadcrumbList","@id":"https:\/\/gruppomontenegro.com\/de\/bonomelli-fuers-soziale-ein-fahrzeug-fuer-die-gemeinde-von-lecco\/#breadcrumb","itemListElement":[{"@type":"ListItem","position":1,"name":"Home","item":"https:\/\/gruppomontenegro.com\/de\/"},{"@type":"ListItem","position":2,"name":"Bonomelli f\u00fcrs Soziale, ein Fahrzeug f\u00fcr die Gemeinde von Lecco"}]},{"@type":"WebSite","@id":"https:\/\/gruppomontenegro.com\/de\/#website","url":"https:\/\/gruppomontenegro.com\/de\/","name":"Gruppo Montenegro","description":"","publisher":{"@id":"https:\/\/gruppomontenegro.com\/de\/#organization"},"potentialAction":[{"@type":"SearchAction","target":{"@type":"EntryPoint","urlTemplate":"https:\/\/gruppomontenegro.com\/de\/?s={search_term_string}"},"query-input":{"@type":"PropertyValueSpecification","valueRequired":true,"valueName":"search_term_string"}}],"inLanguage":"de-DE"},{"@type":"Organization","@id":"https:\/\/gruppomontenegro.com\/de\/#organization","name":"Gruppo Montenegro","url":"https:\/\/gruppomontenegro.com\/de\/","logo":{"@type":"ImageObject","inLanguage":"de-DE","@id":"https:\/\/gruppomontenegro.com\/de\/#\/schema\/logo\/image\/","url":"https:\/\/gruppomontenegro.com\/wp-content\/uploads\/2022\/12\/logo-montenegro.jpg","contentUrl":"https:\/\/gruppomontenegro.com\/wp-content\/uploads\/2022\/12\/logo-montenegro.jpg","width":300,"height":200,"caption":"Gruppo Montenegro"},"image":{"@id":"https:\/\/gruppomontenegro.com\/de\/#\/schema\/logo\/image\/"}},{"@type":"Person","@id":"https:\/\/gruppomontenegro.com\/de\/#\/schema\/person\/6f55260c43e9cf31873bebd738eccaa4","name":"Nowhere"}]}},"_links":{"self":[{"href":"https:\/\/gruppomontenegro.com\/de\/wp-json\/wp\/v2\/posts\/4426","targetHints":{"allow":["GET"]}}],"collection":[{"href":"https:\/\/gruppomontenegro.com\/de\/wp-json\/wp\/v2\/posts"}],"about":[{"href":"https:\/\/gruppomontenegro.com\/de\/wp-json\/wp\/v2\/types\/post"}],"author":[{"embeddable":true,"href":"https:\/\/gruppomontenegro.com\/de\/wp-json\/wp\/v2\/users\/8"}],"replies":[{"embeddable":true,"href":"https:\/\/gruppomontenegro.com\/de\/wp-json\/wp\/v2\/comments?post=4426"}],"version-history":[{"count":0,"href":"https:\/\/gruppomontenegro.com\/de\/wp-json\/wp\/v2\/posts\/4426\/revisions"}],"wp:featuredmedia":[{"embeddable":true,"href":"https:\/\/gruppomontenegro.com\/de\/wp-json\/wp\/v2\/media\/4230"}],"wp:attachment":[{"href":"https:\/\/gruppomontenegro.com\/de\/wp-json\/wp\/v2\/media?parent=4426"}],"wp:term":[{"taxonomy":"post_tag","embeddable":true,"href":"https:\/\/gruppomontenegro.com\/de\/wp-json\/wp\/v2\/tags?post=4426"},{"taxonomy":"categoria-notizia","embeddable":true,"href":"https:\/\/gruppomontenegro.com\/de\/wp-json\/wp\/v2\/categoria-notizia?post=4426"}],"curies":[{"name":"wp","href":"https:\/\/api.w.org\/{rel}","templated":true}]}}